{"id":102542,"date":"2020-10-22T17:18:03","date_gmt":"2020-10-22T21:18:03","guid":{"rendered":"https:\/\/linitiative.ca\/International\/la-relation-euro-mediterraneenne-au-centre-des-entretiens-entre-le-ministre-marocain-des-ae-et-son-homologue-espagnole\/"},"modified":"2020-10-22T17:18:03","modified_gmt":"2020-10-22T21:18:03","slug":"la-relation-euro-mediterraneenne-au-centre-des-entretiens-entre-le-ministre-marocain-des-ae-et-son-homologue-espagnole","status":"publish","type":"post","link":"https:\/\/linitiative.ca\/International\/la-relation-euro-mediterraneenne-au-centre-des-entretiens-entre-le-ministre-marocain-des-ae-et-son-homologue-espagnole\/","title":{"rendered":"La relation euro-m\u00e9diterran\u00e9enne au centre des entretiens entre le ministre marocain des AE et son homologue espagnole"},"content":{"rendered":"<div readability=\"32\">\n<p>Publi\u00e9 le 22.10.2020 \u00e0 22h18 par APA News<\/p>\n<\/div>\n<div readability=\"76\">\n<p>Le ministre marocain des Affaires \u00e9trang\u00e8res, Nasser Bourita, s\u2019est entretenu par vid\u00e9oconf\u00e9rence, jeudi, avec la ministre espagnole des Affaires \u00e9trang\u00e8res, Mme Arancha Gonzalez Laya, annonce-t-on \u00e0 Rabat.Partant de l\u2019excellence des relations entre les maisons royales des deux pays et la r\u00e9gularit\u00e9 des \u00e9changes entre les deux Souverains, les deux ministres ont soulign\u00e9 l\u2019impact exemplaire de cette relation sur les rapports bilat\u00e9raux.<\/p>\n<p>Ils ont convenu d\u2019\u0153uvrer ensemble \u00e0 la mise en \u0153uvre effective du Partenariat strat\u00e9gique global conclu \u00e0 l\u2019occasion de la visite royale.<\/p>\n<p>Cet entretien a \u00e9t\u00e9 l\u2019occasion d\u2019aborder les questions bilat\u00e9rales particuli\u00e8rement la gestion du Covid-19 et du Post-Covid-19. L\u2019accent a \u00e9t\u00e9 mis sur les \u00e9ch\u00e9ances<\/p>\n<p>futures, notamment la visites des responsables marocain en Espagne et des responsables espagnols au Maroc, mais surtout la r\u00e9union de haut-niveau pr\u00e9vue au Maroc la mi-d\u00e9cembre prochain.<\/p>\n<p>En mati\u00e8re \u00e9conomique, l\u2019accent a \u00e9t\u00e9 mis sur la dynamisation des \u00e9changes \u00e9conomiques et commerciaux entre les deux pays, en favorisant une meilleure synergie entre les op\u00e9rateurs \u00e9conomiques de part et d\u2019autre, en leur permettant de promouvoir des projets d\u2019investissement dans des secteurs porteurs notamment dans le contexte Post-Covid.<\/p>\n<p>Concernant la relation Maroc-UE : les deux Ministres ont \u00e9chang\u00e9 sur les moyens \u00e0 m\u00eame de donner sur un \u00e9lan substantiel \u00e0 la nouvelle \u00e9tape de la relation Maroc\/UE.<\/p>\n<p>La relation euro- m\u00e9diterran\u00e9enne \u00e9tait au centre des discussions, \u00e0 la lumi\u00e8re de l\u2019organisation par l\u2019Espagne du 25\u00e8me anniversaire du processus de Barcelone, le 26 et 27 novembre. A ce titre, ils ont \u00e9chang\u00e9 sur les moyens \u00e0 m\u00eame de donner une orientation renouvel\u00e9e \u00e0 la relation entre les deux rives de la M\u00e9diterran\u00e9e.<\/p>\n<p>Des questions r\u00e9gionales ont \u00e9t\u00e9 au menu \u00e0 l\u2019instar de la situation en Afrique et particuli\u00e8rement au sahel et les deux Ministres ont \u00e9chang\u00e9 sur le succ\u00e8s du Dialogue de Bouznika et son impact sur une solution politique globale \u00e0 la crise en Libye.<\/p>\n<\/div>\n<p>Auteur: APA News<br \/>\n<a href=\"https:\/\/www.journalducameroun.com\/la-relation-euro-mediterraneenne-au-centre-des-entretiens-entre-le-ministre-marocain-des-ae-et-son-homologue-espagnole\/\">Cliquez ici pour lire l&rsquo;article depuis sa source.<\/a><\/p>\n","protected":false},"excerpt":{"rendered":"<p>Publi\u00e9 le 22.10.2020 \u00e0 22h18 par APA News Le ministre marocain des Affaires \u00e9trang\u00e8res, Nasser Bourita, s\u2019est entretenu par vid\u00e9oconf\u00e9rence, jeudi, avec la ministre espagnole des Affaires \u00e9trang\u00e8res, Mme Arancha Gonzalez Laya, annonce-t-on \u00e0 Rabat.Partant de l\u2019excellence des relations entre les maisons royales des deux pays et la r\u00e9gularit\u00e9 des \u00e9changes entre les deux Souverains, [&hellip;]<\/p>\n","protected":false},"author":1965,"featured_media":0,"comment_status":"closed","ping_status":"closed","sticky":false,"template":"","format":"standard","meta":{"fifu_image_url":"","fifu_image_alt":"","footnotes":""},"categories":[73,82],"tags":[],"class_list":["post-102542","post","type-post","status-publish","format-standard","hentry","category-actualite","category-cameroun"],"_links":{"self":[{"href":"https:\/\/linitiative.ca\/International\/wp-json\/wp\/v2\/posts\/102542","targetHints":{"allow":["GET"]}}],"collection":[{"href":"https:\/\/linitiative.ca\/International\/wp-json\/wp\/v2\/posts"}],"about":[{"href":"https:\/\/linitiative.ca\/International\/wp-json\/wp\/v2\/types\/post"}],"author":[{"embeddable":true,"href":"https:\/\/linitiative.ca\/International\/wp-json\/wp\/v2\/users\/1965"}],"replies":[{"embeddable":true,"href":"https:\/\/linitiative.ca\/International\/wp-json\/wp\/v2\/comments?post=102542"}],"version-history":[{"count":0,"href":"https:\/\/linitiative.ca\/International\/wp-json\/wp\/v2\/posts\/102542\/revisions"}],"wp:attachment":[{"href":"https:\/\/linitiative.ca\/International\/wp-json\/wp\/v2\/media?parent=102542"}],"wp:term":[{"taxonomy":"category","embeddable":true,"href":"https:\/\/linitiative.ca\/International\/wp-json\/wp\/v2\/categories?post=102542"},{"taxonomy":"post_tag","embeddable":true,"href":"https:\/\/linitiative.ca\/International\/wp-json\/wp\/v2\/tags?post=102542"}],"curies":[{"name":"wp","href":"https:\/\/api.w.org\/{rel}","templated":true}]}}