{"id":102543,"date":"2020-10-22T17:18:04","date_gmt":"2020-10-22T21:18:04","guid":{"rendered":"https:\/\/linitiative.ca\/International\/signature-de-trois-accords-de-cooperation-entre-le-maroc-et-la-republique-centrafricaine\/"},"modified":"2020-10-22T17:18:04","modified_gmt":"2020-10-22T21:18:04","slug":"signature-de-trois-accords-de-cooperation-entre-le-maroc-et-la-republique-centrafricaine","status":"publish","type":"post","link":"https:\/\/linitiative.ca\/International\/signature-de-trois-accords-de-cooperation-entre-le-maroc-et-la-republique-centrafricaine\/","title":{"rendered":"Signature de trois accords de coop\u00e9ration entre le Maroc et la R\u00e9publique centrafricaine"},"content":{"rendered":"<div readability=\"32\">\n<p>Publi\u00e9 le 22.10.2020 \u00e0 22h18 par APA News<\/p>\n<\/div>\n<div readability=\"95\">\n<p>Le Maroc et la R\u00e9publique centrafricaine (RCA) ont sign\u00e9, jeudi \u00e0 Rabat, trois accords de coop\u00e9ration dans les domaines de l\u2019artisanat et de l\u2019\u00e9conomie sociale et solidaire, de la sant\u00e9 et du tourisme.Sign\u00e9s par le ministre marocain des Affaires \u00e9trang\u00e8res, \u00a0M. Nasser Bourita, et son homologue centrafricaine, Mme Sylvie Ba\u00efpo-Temon, actuellement en visite de travail dans le Royaume, ces accords de coop\u00e9ration visent notamment \u00e0 renforcer le partenariat et promouvoir l\u2019\u00e9change d\u2019exp\u00e9riences entre les deux pays.<\/p>\n<p>Le premier accord a pour objectif de fixer le cadre d\u2019\u00e9change et de collaboration dans le domaine de l\u2019artisanat et de l\u2019\u00e9conomie sociale et solidaire. En vertu de cet accord, les deux parties conviennent de coop\u00e9rer et de s\u2019entraider dans les domaines ayant trait, notamment, \u00e0 l\u2019assistance technique, la formation professionnelle, la promotion du partenariat et au renforcement des capacit\u00e9s. \u00a0<\/p>\n<p>Le deuxi\u00e8me texte est un protocole d\u2019accord qui d\u00e9finit le cadre de coop\u00e9ration entre la R\u00e9publique centrafricaine et le Royaume du Maroc dans le domaine de la sant\u00e9 publique. Cette coop\u00e9ration va se concr\u00e9tiser \u00e0 travers l\u2019\u00e9change d\u2019exp\u00e9riences dans les diff\u00e9rents domaines de la sant\u00e9 et par le biais des programmes d\u2019ex\u00e9cution convenus entre les deux parties. L\u2019accord pr\u00e9voit \u00e9galement d\u2019encourager la coop\u00e9ration entre les \u00e9tablissements hospitaliers et sanitaires des deux pays. \u00a0<\/p>\n<p>Le troisi\u00e8me accord de coop\u00e9ration est relatif au domaine du tourisme et permettra aux deux parties de prendre les mesures n\u00e9cessaires pour favoriser et renforcer les \u00e9changes touristiques entre les deux pays. Il vise \u00e9galement \u00e0 promouvoir la coop\u00e9ration entre leurs organismes centraux du tourisme, entre leurs \u00e9tablissements nationaux du tourisme et du transport, ainsi qu\u2019entre les agences et associations professionnelles du tourisme.<\/p>\n<p>La cheffe de la diplomatie centrafricaine a fait part, dans une d\u00e9claration \u00e0 la presse \u00e0 l\u2019issue de ses entretiens avec son homologue marocain, de la gratitude du gouvernement et peuple centrafricains quant \u00e0 l\u2019int\u00e9r\u00eat constant que le Maroc porte \u00e0 la situation en R\u00e9publique centrafricaine, soulignant qu\u2019au plan de la coop\u00e9ration bilat\u00e9rale, \u00ab\u00a0le Royaume est compt\u00e9 parmi les partenaires privil\u00e9gi\u00e9s de la RCA\u00a0\u00bb.<\/p>\n<p>Mme Ba\u00efpo-Temon a \u00e9galement saisi cette occasion pour saluer le soutien multiforme apport\u00e9 par le Royaume \u00e0 la RCA, notamment dans le cadre de programmes s\u00e9curitaires avec la pr\u00e9sence d\u2019un contingent marocain au sein de la Mission des Nations unies pour la stabilisation en RCA (Minusca), des domaines humanitaire et \u00e9conomique (r\u00e9habilitation de l\u2019h\u00f4pital, reprise de la desserte de Bangui par la Royal Air Maroc dans les prochains jours), des offres de bourses et de formations aux \u00e9tudiants centrafricains et la tenue des instances de consultations \u00e0 fr\u00e9quences r\u00e9guli\u00e8res.<\/p>\n<p>Elle a \u00e9galement salu\u00e9 le soutien du Maroc \u00e0 la RCA au sein du Conseil de s\u00e9curit\u00e9 (CS) \u00e0 travers la configuration de la RCA pour la paix aupr\u00e8s des Nations unies.<\/p>\n<p>De con c\u00f4t\u00e9, M. Bourita a soulign\u00e9, \u00e0 cet effet, que ces accords \u00ab\u00a0viennent renforcer le cadre juridique de nos relations\u00a0\u00bb, notant que \u00ab\u00a0l\u2019objectif est de travailler sur la mise en \u0153uvre de l\u2019ensemble des accords sign\u00e9s d\u2019abord lors de la mission mixte et compl\u00e9t\u00e9s par les accords d\u2019aujourd\u2019hui\u00a0\u00bb.<\/p>\n<\/div>\n<p>Auteur: APA News<br \/>\n<a href=\"https:\/\/www.journalducameroun.com\/signature-de-trois-accords-de-cooperation-entre-le-maroc-et-la-republique-centrafricaine\/\">Cliquez ici pour lire l&rsquo;article depuis sa source.<\/a><\/p>\n","protected":false},"excerpt":{"rendered":"<p>Publi\u00e9 le 22.10.2020 \u00e0 22h18 par APA News Le Maroc et la R\u00e9publique centrafricaine (RCA) ont sign\u00e9, jeudi \u00e0 Rabat, trois accords de coop\u00e9ration dans les domaines de l\u2019artisanat et de l\u2019\u00e9conomie sociale et solidaire, de la sant\u00e9 et du tourisme.Sign\u00e9s par le ministre marocain des Affaires \u00e9trang\u00e8res, \u00a0M. Nasser Bourita, et son homologue centrafricaine, [&hellip;]<\/p>\n","protected":false},"author":1965,"featured_media":0,"comment_status":"closed","ping_status":"closed","sticky":false,"template":"","format":"standard","meta":{"fifu_image_url":"","fifu_image_alt":"","footnotes":""},"categories":[73,82],"tags":[],"class_list":["post-102543","post","type-post","status-publish","format-standard","hentry","category-actualite","category-cameroun"],"_links":{"self":[{"href":"https:\/\/linitiative.ca\/International\/wp-json\/wp\/v2\/posts\/102543","targetHints":{"allow":["GET"]}}],"collection":[{"href":"https:\/\/linitiative.ca\/International\/wp-json\/wp\/v2\/posts"}],"about":[{"href":"https:\/\/linitiative.ca\/International\/wp-json\/wp\/v2\/types\/post"}],"author":[{"embeddable":true,"href":"https:\/\/linitiative.ca\/International\/wp-json\/wp\/v2\/users\/1965"}],"replies":[{"embeddable":true,"href":"https:\/\/linitiative.ca\/International\/wp-json\/wp\/v2\/comments?post=102543"}],"version-history":[{"count":0,"href":"https:\/\/linitiative.ca\/International\/wp-json\/wp\/v2\/posts\/102543\/revisions"}],"wp:attachment":[{"href":"https:\/\/linitiative.ca\/International\/wp-json\/wp\/v2\/media?parent=102543"}],"wp:term":[{"taxonomy":"category","embeddable":true,"href":"https:\/\/linitiative.ca\/International\/wp-json\/wp\/v2\/categories?post=102543"},{"taxonomy":"post_tag","embeddable":true,"href":"https:\/\/linitiative.ca\/International\/wp-json\/wp\/v2\/tags?post=102543"}],"curies":[{"name":"wp","href":"https:\/\/api.w.org\/{rel}","templated":true}]}}