{"id":102544,"date":"2020-10-22T17:28:09","date_gmt":"2020-10-22T21:28:09","guid":{"rendered":"https:\/\/linitiative.ca\/International\/le-footballeur-camerounais-samuel-etoo-nomme-ambassadeur-itinerant-au-tchad\/"},"modified":"2020-10-22T17:28:09","modified_gmt":"2020-10-22T21:28:09","slug":"le-footballeur-camerounais-samuel-etoo-nomme-ambassadeur-itinerant-au-tchad","status":"publish","type":"post","link":"https:\/\/linitiative.ca\/International\/le-footballeur-camerounais-samuel-etoo-nomme-ambassadeur-itinerant-au-tchad\/","title":{"rendered":"Le footballeur camerounais Samuel Eto\u2019o nomm\u00e9 ambassadeur itin\u00e9rant au Tchad"},"content":{"rendered":"<div readability=\"32\">\n<p>Publi\u00e9 le 22.10.2020 \u00e0 22h28 par JournalduCameroun.com<\/p>\n<\/div>\n<div readability=\"52.553542009885\">\n<h2 class=\"c6\">La nomination de l\u2019ancien gol\u00e9ador et capitaine des Lions indomptables du Cameroun est contenue dans un d\u00e9cret pr\u00e9sidentiel publi\u00e9 ce 22 octobre<\/h2>\n<p class=\"c7\">C\u2019est une autre reconnaissance pour\u00a0<strong>Samuel Eto\u2019o Fils<\/strong>, footballeur camerounais de renomm\u00e9e internationale. Ce 22 octobre 2020, le pr\u00e9sident de la R\u00e9publique du Tchad a fait de l\u2019ancien meneur des Lions, l\u2019un des ambassadeurs itin\u00e9rants de son gouvernement. Ceci au m\u00eame titre que <strong>Na\u00efr Abakar<\/strong>, un autre <strong>ambassadeur itin\u00e9rant<\/strong> nomm\u00e9 le m\u00eame jour.<\/p>\n<p class=\"c7\">D\u00e9j\u00e0 le 15 octobre, le chef de l\u2019Etat <a href=\"https:\/\/www.presidence.td\/prd\/fr-nws-589-Social.html\">Idriss D\u00e9by Itno avait re\u00e7u l\u2019ancien international<\/a> de football camerounais au palais pr\u00e9sidentiel. A cette occasion, le footballeur s\u2019\u00e9tait \u00e9galement entretenu avec la Premi\u00e8re dame du Tchad,\u00a0<strong>Hinda Deby Itno<\/strong>, pour explorer des possibilit\u00e9s de partenariat entre la <strong>Fondation Grand C\u0153ur<\/strong> \u2013 qu\u2019elle pr\u00e9side \u2013 et la <strong>Fondation Eto\u2019o<\/strong>.<\/p>\n<p class=\"c7\">Samuel Eto\u2019o a effectu\u00e9 un d\u00e9placement au Tchad dans la premi\u00e8re quinzaine du mois d\u2019octobre, dans le cadre de l\u2019<strong>Ecole des champions<\/strong>, une initiative de Na\u00efr Abakar \u2013 conseiller \u00e0 la jeunesse aupr\u00e8s de l\u2019Union africaine \u2013 \u00a0visant \u00e0 promouvoir le football tchadien \u00e0 partir des plus jeunes.<\/p>\n<\/div>\n<p>Auteur: Ludovic Amara<br \/>\n<a href=\"https:\/\/www.journalducameroun.com\/footb-cmr-samuel-etoo-ambassadeur-itinerant-au-tchad\/\">Cliquez ici pour lire l&rsquo;article depuis sa source.<\/a><\/p>\n","protected":false},"excerpt":{"rendered":"<p>Publi\u00e9 le 22.10.2020 \u00e0 22h28 par JournalduCameroun.com La nomination de l\u2019ancien gol\u00e9ador et capitaine des Lions indomptables du Cameroun est contenue dans un d\u00e9cret pr\u00e9sidentiel publi\u00e9 ce 22 octobre C\u2019est une autre reconnaissance pour\u00a0Samuel Eto\u2019o Fils, footballeur camerounais de renomm\u00e9e internationale. Ce 22 octobre 2020, le pr\u00e9sident de la R\u00e9publique du Tchad a fait de [&hellip;]<\/p>\n","protected":false},"author":1965,"featured_media":0,"comment_status":"closed","ping_status":"closed","sticky":false,"template":"","format":"standard","meta":{"fifu_image_url":"","fifu_image_alt":"","footnotes":""},"categories":[73,82],"tags":[],"class_list":["post-102544","post","type-post","status-publish","format-standard","hentry","category-actualite","category-cameroun"],"_links":{"self":[{"href":"https:\/\/linitiative.ca\/International\/wp-json\/wp\/v2\/posts\/102544","targetHints":{"allow":["GET"]}}],"collection":[{"href":"https:\/\/linitiative.ca\/International\/wp-json\/wp\/v2\/posts"}],"about":[{"href":"https:\/\/linitiative.ca\/International\/wp-json\/wp\/v2\/types\/post"}],"author":[{"embeddable":true,"href":"https:\/\/linitiative.ca\/International\/wp-json\/wp\/v2\/users\/1965"}],"replies":[{"embeddable":true,"href":"https:\/\/linitiative.ca\/International\/wp-json\/wp\/v2\/comments?post=102544"}],"version-history":[{"count":0,"href":"https:\/\/linitiative.ca\/International\/wp-json\/wp\/v2\/posts\/102544\/revisions"}],"wp:attachment":[{"href":"https:\/\/linitiative.ca\/International\/wp-json\/wp\/v2\/media?parent=102544"}],"wp:term":[{"taxonomy":"category","embeddable":true,"href":"https:\/\/linitiative.ca\/International\/wp-json\/wp\/v2\/categories?post=102544"},{"taxonomy":"post_tag","embeddable":true,"href":"https:\/\/linitiative.ca\/International\/wp-json\/wp\/v2\/tags?post=102544"}],"curies":[{"name":"wp","href":"https:\/\/api.w.org\/{rel}","templated":true}]}}