{"id":102545,"date":"2020-10-22T18:03:38","date_gmt":"2020-10-22T22:03:38","guid":{"rendered":"https:\/\/linitiative.ca\/International\/cote-divoire-depart-des-eleves-en-conges-de-toussaint-vendredi-a-une-semaine-de-la-presidentielle\/"},"modified":"2020-10-22T18:03:38","modified_gmt":"2020-10-22T22:03:38","slug":"cote-divoire-depart-des-eleves-en-conges-de-toussaint-vendredi-a-une-semaine-de-la-presidentielle","status":"publish","type":"post","link":"https:\/\/linitiative.ca\/International\/cote-divoire-depart-des-eleves-en-conges-de-toussaint-vendredi-a-une-semaine-de-la-presidentielle\/","title":{"rendered":"C\u00f4te d\u2019Ivoire: d\u00e9part des \u00e9l\u00e8ves en cong\u00e9s de Toussaint vendredi, \u00e0 une semaine de la pr\u00e9sidentielle"},"content":{"rendered":"<div readability=\"32\">\n<p>Publi\u00e9 le 22.10.2020 \u00e0 23h18 par APA News<\/p>\n<\/div>\n<div readability=\"51\">\n<p>Le minist\u00e8re ivoirien de l\u2019\u00c9ducation nationale, de l\u2019enseignement technique et de la formation professionnelle, a annonc\u00e9 jeudi un r\u00e9am\u00e9nagement de la date des cong\u00e9s de Toussaint, qui d\u00e9bute le vendredi 23 octobre 2020, \u00e0 une semaine de la pr\u00e9sidentielle du 31 octobre 2020.Suite \u00e0 une modification de la p\u00e9riode de cong\u00e9s de Toussaint pour l\u2019ann\u00e9e scolaire 2020-2021, la date de d\u00e9part a \u00e9t\u00e9 fix\u00e9e au vendredi 23 octobre 2020 apr\u00e8s les cours de l\u2019apr\u00e8s-midi et la date de retour le 9 novembre 2020.<\/p>\n<p>Ce r\u00e9am\u00e9nagement de la p\u00e9riode des cong\u00e9s de Toussaint par le minist\u00e8re de l\u2019\u00c9ducation nationale, de l\u2019enseignement technique et de la formation professionnelle, vise \u00e0 lib\u00e9rer les \u00e9tablissements scolaires dont certains sont retenus comme centres de vote lors de la pr\u00e9sidentielle. \u00a0\u00a0<\/p>\n<p>Les cours dans plusieurs \u00e9tablissements scolaires du pays \u00e9taient perturb\u00e9s ces derniers jours \u00e0 la suite d\u2019un mot d\u2019ordre de l\u2019opposition qui a appel\u00e9 \u00e0 la d\u00e9sob\u00e9issance civile et \u00e0 \u00ab\u00a0emp\u00eacher\u00a0\u00bb les op\u00e9rations du processus \u00e9lectoral.\u00a0<\/p>\n<\/div>\n<p>Auteur: APA News<br \/>\n<a href=\"https:\/\/www.journalducameroun.com\/cote-divoire-depart-des-eleves-en-conges-de-toussaint-vendredi-a-une-semaine-de-la-presidentielle\/\">Cliquez ici pour lire l&rsquo;article depuis sa source.<\/a><\/p>\n","protected":false},"excerpt":{"rendered":"<p>Publi\u00e9 le 22.10.2020 \u00e0 23h18 par APA News Le minist\u00e8re ivoirien de l\u2019\u00c9ducation nationale, de l\u2019enseignement technique et de la formation professionnelle, a annonc\u00e9 jeudi un r\u00e9am\u00e9nagement de la date des cong\u00e9s de Toussaint, qui d\u00e9bute le vendredi 23 octobre 2020, \u00e0 une semaine de la pr\u00e9sidentielle du 31 octobre 2020.Suite \u00e0 une modification de [&hellip;]<\/p>\n","protected":false},"author":1965,"featured_media":0,"comment_status":"closed","ping_status":"closed","sticky":false,"template":"","format":"standard","meta":{"fifu_image_url":"","fifu_image_alt":"","footnotes":""},"categories":[73,82],"tags":[],"class_list":["post-102545","post","type-post","status-publish","format-standard","hentry","category-actualite","category-cameroun"],"_links":{"self":[{"href":"https:\/\/linitiative.ca\/International\/wp-json\/wp\/v2\/posts\/102545","targetHints":{"allow":["GET"]}}],"collection":[{"href":"https:\/\/linitiative.ca\/International\/wp-json\/wp\/v2\/posts"}],"about":[{"href":"https:\/\/linitiative.ca\/International\/wp-json\/wp\/v2\/types\/post"}],"author":[{"embeddable":true,"href":"https:\/\/linitiative.ca\/International\/wp-json\/wp\/v2\/users\/1965"}],"replies":[{"embeddable":true,"href":"https:\/\/linitiative.ca\/International\/wp-json\/wp\/v2\/comments?post=102545"}],"version-history":[{"count":0,"href":"https:\/\/linitiative.ca\/International\/wp-json\/wp\/v2\/posts\/102545\/revisions"}],"wp:attachment":[{"href":"https:\/\/linitiative.ca\/International\/wp-json\/wp\/v2\/media?parent=102545"}],"wp:term":[{"taxonomy":"category","embeddable":true,"href":"https:\/\/linitiative.ca\/International\/wp-json\/wp\/v2\/categories?post=102545"},{"taxonomy":"post_tag","embeddable":true,"href":"https:\/\/linitiative.ca\/International\/wp-json\/wp\/v2\/tags?post=102545"}],"curies":[{"name":"wp","href":"https:\/\/api.w.org\/{rel}","templated":true}]}}