{"id":102562,"date":"2020-10-23T06:37:40","date_gmt":"2020-10-23T10:37:40","guid":{"rendered":"https:\/\/linitiative.ca\/International\/net-repli-des-echanges-commerciaux-de-la-tunisie-aux-prix-constants\/"},"modified":"2020-10-23T06:37:40","modified_gmt":"2020-10-23T10:37:40","slug":"net-repli-des-echanges-commerciaux-de-la-tunisie-aux-prix-constants","status":"publish","type":"post","link":"https:\/\/linitiative.ca\/International\/net-repli-des-echanges-commerciaux-de-la-tunisie-aux-prix-constants\/","title":{"rendered":"Net repli des \u00e9changes commerciaux de la Tunisie (aux prix constants)"},"content":{"rendered":"<h2>Selon\u00a0<a href=\"http:\/\/www.ins.tn\/fr\/front\" target=\"_blank\" rel=\"noopener noreferrer\">l\u2019INS<\/a>, au cours des neuf premiers mois de l\u2019ann\u00e9e 2020, les \u00e9changes commerciaux de la Tunisie avec l\u2019ext\u00e9rieur<\/h2>\n<h2>ont enregistr\u00e9 en volume (prix constant) par rapport \u00e0 la m\u00eame p\u00e9riode de l\u2019ann\u00e9e 2019, une baisse \u00e0 l\u2019export de<\/h2>\n<h2>15,3% et \u00e0 l\u2019import de 18,1%.<\/h2>\n<p>Au cours des neuf premiers mois de l\u2019ann\u00e9e 2020, les \u00e9changes commerciaux de la Tunisie avec l\u2019ext\u00e9rieur en valeurs courantes ont atteint 27537MD en exportations et 37673,4MD en importations, enregistrant ainsi une baisse de l\u2019ordre de 16,6% \u00e0 l\u2019export et de 21,3% \u00e0 l\u2019import. Et ce, par rapport \u00e0 la m\u00eame p\u00e9riode de l\u2019ann\u00e9e 2019.<\/p>\n<p>Les importations de la Tunisie ont enregistr\u00e9 une contraction avec une l\u00e9g\u00e8re am\u00e9lioration des exportations au cours du mois de septembre 2020 en glissement annuel. Les importations ont enregistr\u00e9 une baisse de 13,9%.<\/p>\n<p>Les exportations ont connu une l\u00e9g\u00e8re am\u00e9lioration de 0,9% compar\u00e9 au m\u00eame mois l\u2019ann\u00e9e derni\u00e8re. Les prix des produits \u00e9chang\u00e9s sont en repli de 5,9% au niveau des importations et de 0,3% au niveau des exportations. Au niveau des prix, on observe un repli de 1,6% pour les exportations et de 3,9% pour les importations.<\/p>\n<h2>Evolution hors \u00e9nergie<\/h2>\n<p>Au cours des neuf premiers mois de l\u2019ann\u00e9e 2020, la baisse en volume des exportations a touch\u00e9 la majorit\u00e9 des secteurs, essentiellement, le secteur des textiles, habillement et cuirs (-17,5%) et le secteur des industries m\u00e9caniques et \u00e9lectriques (- 22,1%).<\/p>\n<p>Par ailleurs, les exportations du secteur de l\u2019agriculture et agro-alimentaires ont augment\u00e9, en volume de 23,5% et ce par rapport \u00e0 la m\u00eame p\u00e9riode de l\u2019ann\u00e9e 2019. Hors \u00e9nergie, les prix ont baiss\u00e9 \u00e0 l\u2019export de 0,3% et ils ont augment\u00e9 \u00e0 l\u2019import de 0,7% et ce par rapport aux neuf premiers mois de l\u2019ann\u00e9e 2019.<\/p>\n<p>Concernant les importations, l\u2019\u00e9volution en volume est marqu\u00e9e par une baisse au niveau de la majorit\u00e9 des secteurs, particuli\u00e8rement le secteur des industries m\u00e9caniques et \u00e9lectriques (-24,7%), le secteur du textile, habillement et cuirs (- 20,9%), ainsi que le secteur des mines, phosphates et d\u00e9riv\u00e9s (-26,9%).<\/p>\n<div class=\"wp-post-author-wrap wp-post-author-shortcode left\">\n<h3 class=\"awpa-title\"\/>\n<div class=\"wp-post-author\">\n<div class=\"awpa-img awpa-author-block square\"><a href=\"http:\/\/lexpertjournal.net\/fr\/?author=5\"><img loading=\"lazy\" decoding=\"async\" alt=\"\" src=\"http:\/\/0.gravatar.com\/avatar\/97f8e10a1c1125ba104a76514ee07b16?s=150&amp;d=mm&amp;r=g\" srcset=\"http:\/\/0.gravatar.com\/avatar\/97f8e10a1c1125ba104a76514ee07b16?s=300&amp;d=mm&amp;r=g 2x\" class=\"avatar avatar-150 photo\" height=\"150\" width=\"150\"\/><\/a><\/div>\n<\/div>\n<\/div>\n<aside class=\"mashsb-container mashsb-main mashsb-stretched\">\n<\/aside>\n<p>Auteur: L&rsquo;expert<br \/>\n<a href=\"http:\/\/lexpertjournal.net\/fr\/?p=17123\">Cliquez ici pour lire l&rsquo;article depuis sa source.<\/a><\/p>\n","protected":false},"excerpt":{"rendered":"<p>Selon\u00a0l\u2019INS, au cours des neuf premiers mois de l\u2019ann\u00e9e 2020, les \u00e9changes commerciaux de la Tunisie avec l\u2019ext\u00e9rieur ont enregistr\u00e9 en volume (prix constant) par rapport \u00e0 la m\u00eame p\u00e9riode de l\u2019ann\u00e9e 2019, une baisse \u00e0 l\u2019export de 15,3% et \u00e0 l\u2019import de 18,1%. Au cours des neuf premiers mois de l\u2019ann\u00e9e 2020, les \u00e9changes [&hellip;]<\/p>\n","protected":false},"author":1775,"featured_media":0,"comment_status":"closed","ping_status":"closed","sticky":false,"template":"","format":"standard","meta":{"fifu_image_url":"","fifu_image_alt":"","footnotes":""},"categories":[78,55],"tags":[],"class_list":["post-102562","post","type-post","status-publish","format-standard","hentry","category-economie","category-tunisie"],"_links":{"self":[{"href":"https:\/\/linitiative.ca\/International\/wp-json\/wp\/v2\/posts\/102562","targetHints":{"allow":["GET"]}}],"collection":[{"href":"https:\/\/linitiative.ca\/International\/wp-json\/wp\/v2\/posts"}],"about":[{"href":"https:\/\/linitiative.ca\/International\/wp-json\/wp\/v2\/types\/post"}],"author":[{"embeddable":true,"href":"https:\/\/linitiative.ca\/International\/wp-json\/wp\/v2\/users\/1775"}],"replies":[{"embeddable":true,"href":"https:\/\/linitiative.ca\/International\/wp-json\/wp\/v2\/comments?post=102562"}],"version-history":[{"count":0,"href":"https:\/\/linitiative.ca\/International\/wp-json\/wp\/v2\/posts\/102562\/revisions"}],"wp:attachment":[{"href":"https:\/\/linitiative.ca\/International\/wp-json\/wp\/v2\/media?parent=102562"}],"wp:term":[{"taxonomy":"category","embeddable":true,"href":"https:\/\/linitiative.ca\/International\/wp-json\/wp\/v2\/categories?post=102562"},{"taxonomy":"post_tag","embeddable":true,"href":"https:\/\/linitiative.ca\/International\/wp-json\/wp\/v2\/tags?post=102562"}],"curies":[{"name":"wp","href":"https:\/\/api.w.org\/{rel}","templated":true}]}}