{"id":102572,"date":"2020-10-23T08:54:10","date_gmt":"2020-10-23T12:54:10","guid":{"rendered":"https:\/\/linitiative.ca\/International\/voyage-a-la-decouverte-de-lhistoire-de-la-ceramique-et-de-la-ville\/"},"modified":"2020-10-23T08:54:10","modified_gmt":"2020-10-23T12:54:10","slug":"voyage-a-la-decouverte-de-lhistoire-de-la-ceramique-et-de-la-ville","status":"publish","type":"post","link":"https:\/\/linitiative.ca\/International\/voyage-a-la-decouverte-de-lhistoire-de-la-ceramique-et-de-la-ville\/","title":{"rendered":"Voyage \u00e0 la d\u00e9couverte de l\u2019histoire de la c\u00e9ramique et de la ville"},"content":{"rendered":"<p>Cette notori\u00e9t\u00e9 singuli\u00e8re, la Cit\u00e9 de l\u2019Oc\u00e9an la doit amplement \u00e0 de grands artisans et maitres c\u00e9ramistes qui, avec tant d\u2019amour pour le m\u00e9tier et de sacrifices consentis, ont su pr\u00e9server cet art ancestral qui t\u00e9moigne d\u2019un grand \u00ab\u00a0g\u00e9nie\u00a0\u00bb de l\u2019homme, assurer sa transmission aux g\u00e9n\u00e9rations montantes et l\u2019emporter au-del\u00e0 des fronti\u00e8res nationales, permettant ainsi au Maroc en g\u00e9n\u00e9ral et \u00e0 la ville de Safi en particulier, de briller de mille feux lors des grands salons et foires d\u00e9di\u00e9s \u00e0 l\u2019artisanat.<\/p>\n<p>L\u2019importance de la c\u00e9ramique dans l\u2019histoire et la vie quotidienne des Safiotes s\u2019illustre \u00e0 travers la mise en place d\u00e8s 1990 au coeur de l\u2019un des monuments les plus embl\u00e9matiques de Safi, \u00e0 savoir \u00ab\u00a0Dar Sultan\u00a0\u00bb, d\u2019un espace mus\u00e9al compl\u00e8tement consacr\u00e9 \u00e0 la c\u00e9ramique, avant sa d\u00e9localisation vers un nouveau b\u00e2timent au coeur de la Cit\u00e9 des arts \u00e0 Safi. Un espace baptis\u00e9 \u00ab\u00a0Mus\u00e9e National de la C\u00e9ramique\u00a0\u00bb relevant de la Fondation Nationale des Mus\u00e9es (FNM).<\/p>\n<p>In fine, l\u2019objectif d\u2019un Mus\u00e9e National de la C\u00e9ramique est de permettre aux visiteurs nationaux et aux \u00e9trangers de mieux d\u00e9couvrir ces \u00ab\u00a0tr\u00e9sors\u00a0\u00bb de la c\u00e9ramique, tout en rassemblant ce patrimoine dans un espace digne de l\u2019importance et de la valeur \u00ab\u00a0humaine\u00a0\u00bb et \u00ab\u00a0historique\u00a0\u00bb que repr\u00e9sente ce savoir-faire ancestral.<\/p>\n<p>En effet, l\u2019importance sociale et \u00e9conomique de la c\u00e9ramique dans le tissu socio-\u00e9conomique de la ville n\u2019est plus \u00e0 d\u00e9montrer. D\u2019ailleurs, plusieurs sources historiques et arch\u00e9ologiques sont unanimes sur le fait que Safi est le \u00ab\u00a0r\u00e9ceptacle\u00a0\u00bb d\u2019une activit\u00e9 poti\u00e8re tr\u00e8s enracin\u00e9e dans l\u2019histoire.<\/p>\n<p>\u00ab\u00a0Les habitants de la ville de Safi ont combin\u00e9, depuis leur existence, entre les ressources maritimes et la fabrication d\u2019objets utilitaires en poterie, gr\u00e2ce \u00e0 la disponibilit\u00e9 d\u2019une mati\u00e8re premi\u00e8re de grande qualit\u00e9 offerte par les gisements environnants\u00a0\u00bb, explique la Fondation Nationale des Mus\u00e9es (FNM) dans un document d\u00e9di\u00e9 au Mus\u00e9e National de la C\u00e9ramique de Safi.<\/p>\n<p>La FNM ajoute que \u00ab\u00a0la d\u00e9couverte d\u2019\u00e9normes quantit\u00e9s de c\u00e9ramique arch\u00e9ologique dans le site de Lalla Hniya Hamriya en 1994, constitue une grande preuve scientifique que Safi a connu l\u2019industrie de la c\u00e9ramique au moins depuis l\u2019\u00e9poque Almoravide, au 11\u00e8 si\u00e8cle\u00a0\u00bb, notant que cette activit\u00e9 avait dur\u00e9 tout au long du Moyen Age avant qu\u2019elle ne soit arr\u00eatt\u00e9e \u00e0 cause de la colonisation portugaise (1508- 1541).<\/p>\n<p>Par ailleurs, un document historique datant de 1821 confirme que Safi est redevenu un Centre de reproduction de la c\u00e9ramique, au moins au d\u00e9but du 18\u00e8 si\u00e8cle c\u2019est \u00e0 dire un si\u00e8cle avant l\u2019arriv\u00e9e du maitre c\u00e9ramiste Boujema\u00e2 Lamali, rappelle la FNM, faisant savoir que l\u2019installation de ce Ma\u00e2lem \u00e0 Safi a boulevers\u00e9 l\u2019histoire de la c\u00e9ramique non seulement dans cette ville mais dans tout le Maroc.<\/p>\n<p>C\u2019est gr\u00e2ce \u00e0 l\u2019\u00e9cole de la c\u00e9ramique qu\u2019il avait fond\u00e9e dans son atelier, la premi\u00e8re du genre au Maroc et en Afrique, que Safi est devenue \u00ab\u00a0la capitale marocaine de la c\u00e9ramique\u00a0\u00bb depuis un si\u00e8cle d\u00e9j\u00e0.<\/p>\n<p>A cela s\u2019ajoute que l\u2019esprit cr\u00e9atif de Lamali lui a permis de confectionner plus de 450 objets entre forme et d\u00e9cor, d\u2019autant plus que c\u2019est gr\u00e2ce au port de Safi que la c\u00e9ramique de la Cit\u00e9 de l\u2019Oc\u00e9an est connue des quatre coins du monde, tient \u00e0 pr\u00e9ciser la FNM.<\/p>\n<p>Apr\u00e8s ce succ\u00e8s aux niveaux national et international, il a \u00e9t\u00e9 d\u00e9cid\u00e9 d\u00e8s 1990 la mise en place \u00e0 \u00ab\u00a0Dar Sultan\u00a0\u00bb, d\u2019un espace compl\u00e8tement d\u00e9di\u00e9 \u00e0 la c\u00e9ramique, avant sa d\u00e9localisation apr\u00e8s le r\u00e9am\u00e9nagement du Mus\u00e9e National de la C\u00e9ramique et son inauguration en 2018, a confi\u00e9 \u00e0 la MAP, M. Said Chemsi, conservateur du Mus\u00e9e.<\/p>\n<p>\u00ab\u00a0Le r\u00e9am\u00e9nagement de cet espace a eu lieu sur la base d\u2019une r\u00e9vision de synographie ayant pris la forme d\u2019une chronologie: de la pr\u00e9histoire, le Moyen \u00e2ge, l\u2019\u00e9poque moderne et celle contemporaine, ainsi que d\u2019une r\u00e9partition g\u00e9ographique, \u00e9tant donn\u00e9 que les pi\u00e8ces de c\u00e9ramique parmi les plus anciennes se trouvaient dans le Sahara marocain\u00a0\u00bb, a-t-il expliqu\u00e9.<\/p>\n<p>Interrog\u00e9 sur les objectifs assign\u00e9s \u00e0 cette structure mus\u00e9ale, M. Chemsi a indiqu\u00e9 que la cr\u00e9ation du Mus\u00e9e National de la C\u00e9ramique r\u00e9pond \u00e0 la volont\u00e9 de redonner de la consid\u00e9ration \u00e0 Safi en tant que ville historique disposant d\u2019un patrimoine riche et diversifi\u00e9, notamment en ce qui concerne la poterie et la c\u00e9ramique \u00e0 m\u00eame de lui permettre de s\u2019\u00e9riger en capitale incontournable de la c\u00e9ramique, et ce \u00e0 compter du 20\u00e8 si\u00e8cle, a expliqu\u00e9 M. Chemsi.<\/p>\n<p>Et de poursuivre qu\u2019il s\u2019agit aussi de se doter d\u2019un fonds documentaire et mus\u00e9al des diff\u00e9rentes pi\u00e8ces et objets de poterie et de c\u00e9ramique ayant une importance et une valeur historiques et anthropologiques, et de rassembler, r\u00e9pertorier et exposer les objets c\u00e9ramiques patrimoniaux du Maroc dans un seul \u00e9difice.<\/p>\n<p>C\u2019est int\u00e9r\u00eat particulier pour la promotion de ce savoir- faire ancestral s\u2019est traduit par le r\u00e9am\u00e9nagement du Mus\u00e9e National de la C\u00e9ramique dans un nouveau b\u00e2timent (2016- 2018) d\u2019une superficie de 900 m2 au sein de la Cit\u00e9 des Arts, et comprenant plusieurs salles d\u2019expositions, un espace d\u2019accueil des visiteurs, outre des d\u00e9pendances administratives entre autres.<\/p>\n<p>Cet espace mus\u00e9al, soigneusement am\u00e9nag\u00e9 de mani\u00e8re \u00e0 garantir une meilleure d\u00e9couverte de ce savoir- faire s\u00e9culaire, offre \u00e0 voir et \u00e0 appr\u00e9cier une collection de quelque 150 pi\u00e8ces de la c\u00e9ramique et de la poterie, dont des objets arch\u00e9ologiques d\u2019une importance historique ind\u00e9niable.<\/p>\n<p>Ainsi, \u00e0 part la premi\u00e8re salle, qui est am\u00e9nag\u00e9e d\u2019une mani\u00e8re chronologique, les trois grandes salles sont organis\u00e9es de mani\u00e8re g\u00e9ographique, chronologique et artistique. La premi\u00e8re salle contient la c\u00e9ramique arch\u00e9ologique depuis la pr\u00e9histoire 3800 av JC, jusqu\u2019au d\u00e9but des temps modernes (milieu du 16\u00e8 si\u00e8cle).<\/p>\n<p>Quant \u00e0 la seconde salle d\u2019exposition, elle renferme la c\u00e9ramique ethnographique des r\u00e9gions montagneuses : le Rif, le Grand Atlas et le Moyen Atlas, et d\u2019un village saharien de Tamegroute. On y trouve aussi la c\u00e9ramique ethnographique citadine de villes historiques, telles que T\u00e9touan, Mekn\u00e8s et F\u00e8s (18\u00e8 et 19\u00e8 si\u00e8cles).<\/p>\n<p>Pour ce qui est de la troisi\u00e8me salle, elle est consacr\u00e9e \u00e0 deux grands centres de la c\u00e9ramique marocaine, \u00e0 savoir F\u00e8s et Safi. La partie droite est r\u00e9serv\u00e9e \u00e0 la c\u00e9ramique de F\u00e8s (19\u00e8 et moiti\u00e9 20\u00e8 si\u00e8cles), alors que la partie gauche est r\u00e9serv\u00e9e \u00e0 la c\u00e9ramique architecturale et ethnographique de Safi (du milieu du 19\u00e8 si\u00e8cle jusqu\u2019au d\u00e9but du 20\u00e8 si\u00e8cle).<\/p>\n<p>Le circuit de visite et d\u2019immersion au coeur de l\u2019histoire de la c\u00e9ramique s\u2019ach\u00e8ve en toute beaut\u00e9 \u00e0 la salle 4 de cet espace mus\u00e9al, occasion de d\u00e9couvrir enfin, la c\u00e9ramique de Safi tout au long du 20\u00e8 si\u00e8cle (depuis le 19\u00e8 si\u00e8cle jusqu\u2019aux ann\u00e9es 2000). Au sein de ce pavillon, les objets sont class\u00e9s par chronologie, par d\u00e9cor, et\/ou par c\u00e9ramiste (atelier).<\/p>\n<p>De par l\u2019importance des pi\u00e8ces de la c\u00e9ramique et de la poterie expos\u00e9es, le Mus\u00e9e National de la C\u00e9ramique raconte de mani\u00e8re \u00ab\u00a0scientifique\u00a0\u00bb, \u00ab\u00a0v\u00e9rifi\u00e9e\u00a0\u00bb et \u00ab\u00a0document\u00e9e\u00a0\u00bb, l\u2019histoire \u00e9volutive de la c\u00e9ramique au Maroc, et refl\u00e8te, si besoin est, toute une chronologie li\u00e9e \u00e0 ce savoir-faire ancestral.<\/p>\n<p>Un v\u00e9ritable p\u00e9riple dans les couleurs, les formats, et les d\u00e9cors, propos\u00e9 et garanti pour tout visiteur avide de connaitre et de d\u00e9couvrir l\u2019une des composantes de l\u2019identit\u00e9 nationale et de la vie quotidienne des Marocains.<\/p>\n<p>Auteur: Meriem IGASS<br \/>\n<a href=\"http:\/\/www.mapmarrakech.ma\/fr\/voyage-a-la-decouverte-de-lhistoire-commune-de-la-ceramique-et-de-la-ville\/\">Cliquez ici pour lire l&rsquo;article depuis sa source.<\/a><\/p>\n","protected":false},"excerpt":{"rendered":"<p>Cette notori\u00e9t\u00e9 singuli\u00e8re, la Cit\u00e9 de l\u2019Oc\u00e9an la doit amplement \u00e0 de grands artisans et maitres c\u00e9ramistes qui, avec tant d\u2019amour pour le m\u00e9tier et de sacrifices consentis, ont su pr\u00e9server cet art ancestral qui t\u00e9moigne d\u2019un grand \u00ab\u00a0g\u00e9nie\u00a0\u00bb de l\u2019homme, assurer sa transmission aux g\u00e9n\u00e9rations montantes et l\u2019emporter au-del\u00e0 des fronti\u00e8res nationales, permettant ainsi [&hellip;]<\/p>\n","protected":false},"author":1788,"featured_media":0,"comment_status":"closed","ping_status":"closed","sticky":false,"template":"","format":"standard","meta":{"fifu_image_url":"","fifu_image_alt":"","footnotes":""},"categories":[54,76],"tags":[],"class_list":["post-102572","post","type-post","status-publish","format-standard","hentry","category-maroc","category-regions"],"_links":{"self":[{"href":"https:\/\/linitiative.ca\/International\/wp-json\/wp\/v2\/posts\/102572","targetHints":{"allow":["GET"]}}],"collection":[{"href":"https:\/\/linitiative.ca\/International\/wp-json\/wp\/v2\/posts"}],"about":[{"href":"https:\/\/linitiative.ca\/International\/wp-json\/wp\/v2\/types\/post"}],"author":[{"embeddable":true,"href":"https:\/\/linitiative.ca\/International\/wp-json\/wp\/v2\/users\/1788"}],"replies":[{"embeddable":true,"href":"https:\/\/linitiative.ca\/International\/wp-json\/wp\/v2\/comments?post=102572"}],"version-history":[{"count":0,"href":"https:\/\/linitiative.ca\/International\/wp-json\/wp\/v2\/posts\/102572\/revisions"}],"wp:attachment":[{"href":"https:\/\/linitiative.ca\/International\/wp-json\/wp\/v2\/media?parent=102572"}],"wp:term":[{"taxonomy":"category","embeddable":true,"href":"https:\/\/linitiative.ca\/International\/wp-json\/wp\/v2\/categories?post=102572"},{"taxonomy":"post_tag","embeddable":true,"href":"https:\/\/linitiative.ca\/International\/wp-json\/wp\/v2\/tags?post=102572"}],"curies":[{"name":"wp","href":"https:\/\/api.w.org\/{rel}","templated":true}]}}