{"id":102573,"date":"2020-10-23T09:02:32","date_gmt":"2020-10-23T13:02:32","guid":{"rendered":"https:\/\/linitiative.ca\/International\/radeema-premiere-entreprise-en-termes-de-chiffre-daffaires\/"},"modified":"2020-10-23T09:02:32","modified_gmt":"2020-10-23T13:02:32","slug":"radeema-premiere-entreprise-en-termes-de-chiffre-daffaires","status":"publish","type":"post","link":"https:\/\/linitiative.ca\/International\/radeema-premiere-entreprise-en-termes-de-chiffre-daffaires\/","title":{"rendered":"RADEEMA, premi\u00e8re entreprise en termes de chiffre d\u2019affaires"},"content":{"rendered":"<div class=\"single-featured\"><img alt=\"\" data-src=\"http:\/\/www.mapmarrakech.ma\/map\/uploads\/2020\/10\/RADEEMA-2-copier.jpg\"\/><\/div>\n<div class=\"single-post-excerpt post-excerpt-bc\" readability=\"34\">\n<p>Marrakech \u2013 La R\u00e9gie Autonome de Distribution d\u2019Eau et d\u2019Electricit\u00e9 de Marrakech (RADEEMA) a \u00e9t\u00e9 class\u00e9e la premi\u00e8re entreprise au niveau de la r\u00e9gion Marrakech-Safi en termes de chiffre d\u2019affaires.<\/p>\n<\/div>\n<div class=\"entry-content clearfix single-post-content\" readability=\"67\">\n<p>La RADEEMA a r\u00e9alis\u00e9 un chiffre d\u2019affaires de 2,38 milliards de dirhams , suivie de M\u00e9nara Pr\u00e9fa, op\u00e9rant dans le secteur des BTP, avec un chiffre d\u2019affaires de 945 millions de dirhams (MDH), selon le classement de \u00ab\u00a0La caravane des 500\u00a0\u00bb (\u00e9dition 2020), publi\u00e9 jeudi, qui vise \u00e0 promouvoir la comp\u00e9titivit\u00e9 et la culture de la transparence, en se basant sur les indicateurs de la performance et du chiffre d\u2019affaires des entreprises.<\/p>\n<p>Dans le TOP 10 des entreprises de la r\u00e9gion Marrakech-Safi figurent aussi Kenzi Hotels Group (499,1 MDH), SNTRO (437,1 MDH), RADEES (416,5 MDH), St\u00e9 Imp\u00e9riale des th\u00e9s et Infusions (385 MDH), Carri\u00e8res et Transport M\u00e9nara (318,3 MDH), Lamalif Group (290 MDH) et Salipro (257,3 MDH).<\/p>\n<p>Initi\u00e9e cette ann\u00e9e sous le th\u00e8me \u00ab\u00a0les r\u00e9gions face aux enjeux du renouveau \u00e9conomique et de la transformation digitale\u00a0\u00bb, \u00ab\u00a0La caravane des 500\u00a0\u00bb\u00a0vise \u00e0 accompagner les grandes entreprises et \u00e0 d\u00e9crypter les enjeux et les d\u00e9fis de l\u2019entreprise marocaine.<\/p>\n<p>A travers sa s\u00e9rie de conf\u00e9rences annuelles, il rassemble les plus \u00e9minents dirigeants \u00e9conomiques et institutionnels du pays afin d\u2019identifier les leviers de la transformation du mod\u00e8le de croissance national.<\/p>\n<\/div>\n<p>Auteur: Meriem IGASS<br \/>\n<a href=\"http:\/\/www.mapmarrakech.ma\/fr\/radeema-premiere-entreprise-en-termes-de-chiffre-daffaires\/\">Cliquez ici pour lire l&rsquo;article depuis sa source.<\/a><\/p>\n","protected":false},"excerpt":{"rendered":"<p>Marrakech \u2013 La R\u00e9gie Autonome de Distribution d\u2019Eau et d\u2019Electricit\u00e9 de Marrakech (RADEEMA) a \u00e9t\u00e9 class\u00e9e la premi\u00e8re entreprise au niveau de la r\u00e9gion Marrakech-Safi en termes de chiffre d\u2019affaires. La RADEEMA a r\u00e9alis\u00e9 un chiffre d\u2019affaires de 2,38 milliards de dirhams , suivie de M\u00e9nara Pr\u00e9fa, op\u00e9rant dans le secteur des BTP, avec un [&hellip;]<\/p>\n","protected":false},"author":1788,"featured_media":102574,"comment_status":"closed","ping_status":"closed","sticky":false,"template":"","format":"standard","meta":{"fifu_image_url":"","fifu_image_alt":"","footnotes":""},"categories":[54,76],"tags":[],"class_list":["post-102573","post","type-post","status-publish","format-standard","has-post-thumbnail","hentry","category-maroc","category-regions"],"_links":{"self":[{"href":"https:\/\/linitiative.ca\/International\/wp-json\/wp\/v2\/posts\/102573","targetHints":{"allow":["GET"]}}],"collection":[{"href":"https:\/\/linitiative.ca\/International\/wp-json\/wp\/v2\/posts"}],"about":[{"href":"https:\/\/linitiative.ca\/International\/wp-json\/wp\/v2\/types\/post"}],"author":[{"embeddable":true,"href":"https:\/\/linitiative.ca\/International\/wp-json\/wp\/v2\/users\/1788"}],"replies":[{"embeddable":true,"href":"https:\/\/linitiative.ca\/International\/wp-json\/wp\/v2\/comments?post=102573"}],"version-history":[{"count":0,"href":"https:\/\/linitiative.ca\/International\/wp-json\/wp\/v2\/posts\/102573\/revisions"}],"wp:featuredmedia":[{"embeddable":true,"href":"https:\/\/linitiative.ca\/International\/wp-json\/"}],"wp:attachment":[{"href":"https:\/\/linitiative.ca\/International\/wp-json\/wp\/v2\/media?parent=102573"}],"wp:term":[{"taxonomy":"category","embeddable":true,"href":"https:\/\/linitiative.ca\/International\/wp-json\/wp\/v2\/categories?post=102573"},{"taxonomy":"post_tag","embeddable":true,"href":"https:\/\/linitiative.ca\/International\/wp-json\/wp\/v2\/tags?post=102573"}],"curies":[{"name":"wp","href":"https:\/\/api.w.org\/{rel}","templated":true}]}}