{"id":102575,"date":"2020-10-23T09:19:11","date_gmt":"2020-10-23T13:19:11","guid":{"rendered":"https:\/\/linitiative.ca\/International\/les-regions-appelees-a-devenir-des-hubs-de-creation-de-richesse-et-demploi\/"},"modified":"2020-10-23T09:19:11","modified_gmt":"2020-10-23T13:19:11","slug":"les-regions-appelees-a-devenir-des-hubs-de-creation-de-richesse-et-demploi","status":"publish","type":"post","link":"https:\/\/linitiative.ca\/International\/les-regions-appelees-a-devenir-des-hubs-de-creation-de-richesse-et-demploi\/","title":{"rendered":"Les r\u00e9gions appel\u00e9es \u00e0 devenir des hubs de cr\u00e9ation de richesse et d\u2019emploi"},"content":{"rendered":"<div readability=\"38\">\n<p>Marrakech \u2013 Les r\u00e9gions sont appel\u00e9es \u00e0 devenir des hubs de cr\u00e9ation de la richesse et des opportunit\u00e9s d\u2019emploi, ont soulign\u00e9 jeudi, les participants \u00e0 la 19\u00e8 \u00e9dition de \u00ab\u00a0la caravane des 500\u00a0\u00bb, organis\u00e9e cette ann\u00e9e en format digital en raison de la pand\u00e9mie du nouveau coronavirus (Covid-19).<\/p>\n<\/div>\n<div readability=\"108\">\n<p>Les r\u00e9gions peuvent assumer ce r\u00f4le de levier de d\u00e9veloppement \u00e9conomique en favorisant l\u2019\u00e9mergence de v\u00e9ritables p\u00f4les \u00e9conomiques au niveau r\u00e9gional propices \u00e0 l\u2019implantation des entreprises, au d\u00e9veloppement de l\u2019activit\u00e9 \u00e9conomique et au drainage des investissements, ont-ils convenu de souligner lors de cette conf\u00e9rence organis\u00e9e sous le th\u00e8me \u00ab\u00a0Marrakech face aux enjeux du renouveau \u00e9conomique\u00a0\u00bb.<\/p>\n<p>Dans ce sens, M. Mohamed Fikrat, membre de la Commission Sp\u00e9ciale du Mod\u00e8le de D\u00e9veloppement (CSMD), a relev\u00e9 que les r\u00e9gions font face \u00e0 plusieurs d\u00e9fis, notamment les ressources financi\u00e8res et humaines limit\u00e9es, notant dans ce cadre que trois secteurs ont \u00e9t\u00e9 identifi\u00e9s dans la r\u00e9gion Marrakech-Safi sur proposition du conseil r\u00e9gional, \u00e0 savoir le tourisme, l\u2019agroalimentaire et le num\u00e9rique.<\/p>\n<p>Rappelant que le Royaume a mis en place un cadre institutionnel et constitutionnel qui int\u00e8gre les r\u00e9gions et consacre la d\u00e9concentration, M. Fikrat a soulign\u00e9 que l\u2019\u00e9conomie doit \u00eatre au service de la soci\u00e9t\u00e9 et est appel\u00e9e \u00e0 se pr\u00e9occuper de la pr\u00e9servation des ressources naturelles.<\/p>\n<p>Dans la foul\u00e9e, il a indiqu\u00e9 que les diff\u00e9rentes r\u00e9unions et tourn\u00e9es de la CSMD ont permis de d\u00e9gager une forte volont\u00e9 des acteurs locaux, r\u00e9gionaux et nationaux\u00a0de diversifier notre production \u00e9conomique nationale, moderniser notre outil productif en faisant appel \u00e0 la recherche scientifique, et en renfor\u00e7ant les passerelles entre l\u2019universit\u00e9 et le tissu socio\u00e9conomique.<\/p>\n<p>De son c\u00f4t\u00e9, le Directeur du centre des \u00e9tudes doctorales des sciences de l\u2019ing\u00e9nierie relevant de l\u2019Universit\u00e9 Mohammed VI Polytechnique (UM6P), M. Hassan Radoine, a soulign\u00e9 que la communaut\u00e9 doit forger son propre \u00ab\u00a0m\u00e9tabolisme territorial et urbain\u00a0\u00bb \u00e0 l\u2019instar des anciennes villes marocaines, telles que F\u00e8s, o\u00f9 s\u2019est d\u00e9velopp\u00e9e \u00e0 travers l\u2019histoire, \u00ab\u00a0une r\u00e9silience autour de l\u2019universit\u00e9 Al Qarawiyine\u00a0\u00bb.<\/p>\n<p>Cet expert en architecture a fait remarquer que la m\u00e9tropolisation et l\u2019urbanisation galopante sont en train de consommer les territoires agricoles fertiles au Maroc, appelant \u00e0 promouvoir un tourisme solidaire, dont les revenus profitent aux populations vuln\u00e9rables de la r\u00e9gion Marrakech-Safi et \u00e0 \u00a0diversifier les activit\u00e9s \u00e9conomiques dans la cit\u00e9 ocre.<\/p>\n<p>L\u2019\u00e9conomiste Driss Effina a not\u00e9, pour sa part, que les r\u00e9gions au Maroc poss\u00e8dent en leur main deux importants instruments \u00e0 m\u00eame de r\u00e9aliser leur essor \u00e9conomique: le Programme de d\u00e9veloppement r\u00e9gional (PDR) et les Sch\u00e9mas R\u00e9gionaux d\u2019Am\u00e9nagement du Territoire (SRAT).<\/p>\n<p>Le repr\u00e9sentant de l\u2019Agence Marocaine de D\u00e9veloppement des Investissements et des Exportations (AMDIE), M. M\u2019hamed Ben Mokhtar, a de son c\u00f4t\u00e9, relev\u00e9 que le cuir a de grandes potentialit\u00e9s pour devenir \u00e0 Marrakech un secteur industriel \u00e0 forte valeur ajout\u00e9e et tr\u00e8s comp\u00e9titif aux niveaux national et international, indiquant qu\u2019en plus du tourisme et de l\u2019agroalimentaire, l\u2019offshoring constitue lui aussi un secteur tr\u00e8s prometteur dans la r\u00e9gion.<\/p>\n<p>Initi\u00e9e cette ann\u00e9e sous le th\u00e8me \u00ab\u00a0les r\u00e9gions face aux enjeux du renouveau \u00e9conomique et de la transformation digitale\u00a0\u00bb, \u00ab\u00a0La caravane des 500\u00a0\u00bb\u00a0vise \u00e0 accompagner les grandes entreprises et \u00e0 d\u00e9crypter les enjeux et les d\u00e9fis de la grande entreprise marocaine.<\/p>\n<p>A travers sa s\u00e9rie de conf\u00e9rences annuelles, elle rassemble les plus \u00e9minents dirigeants \u00e9conomiques et institutionnels du pays afin d\u2019identifier les leviers de la transformation du mod\u00e8le de croissance national.<\/p>\n<\/div>\n<p>Auteur: Meriem IGASS<br \/>\n<a href=\"http:\/\/www.mapmarrakech.ma\/fr\/les-regions-appelees-a-devenir-des-hubs-de-creation-de-richesse-et-demploi\/\">Cliquez ici pour lire l&rsquo;article depuis sa source.<\/a><\/p>\n","protected":false},"excerpt":{"rendered":"<p>Marrakech \u2013 Les r\u00e9gions sont appel\u00e9es \u00e0 devenir des hubs de cr\u00e9ation de la richesse et des opportunit\u00e9s d\u2019emploi, ont soulign\u00e9 jeudi, les participants \u00e0 la 19\u00e8 \u00e9dition de \u00ab\u00a0la caravane des 500\u00a0\u00bb, organis\u00e9e cette ann\u00e9e en format digital en raison de la pand\u00e9mie du nouveau coronavirus (Covid-19). Les r\u00e9gions peuvent assumer ce r\u00f4le de [&hellip;]<\/p>\n","protected":false},"author":1788,"featured_media":0,"comment_status":"closed","ping_status":"closed","sticky":false,"template":"","format":"standard","meta":{"fifu_image_url":"","fifu_image_alt":"","footnotes":""},"categories":[54,76],"tags":[],"class_list":["post-102575","post","type-post","status-publish","format-standard","hentry","category-maroc","category-regions"],"_links":{"self":[{"href":"https:\/\/linitiative.ca\/International\/wp-json\/wp\/v2\/posts\/102575","targetHints":{"allow":["GET"]}}],"collection":[{"href":"https:\/\/linitiative.ca\/International\/wp-json\/wp\/v2\/posts"}],"about":[{"href":"https:\/\/linitiative.ca\/International\/wp-json\/wp\/v2\/types\/post"}],"author":[{"embeddable":true,"href":"https:\/\/linitiative.ca\/International\/wp-json\/wp\/v2\/users\/1788"}],"replies":[{"embeddable":true,"href":"https:\/\/linitiative.ca\/International\/wp-json\/wp\/v2\/comments?post=102575"}],"version-history":[{"count":0,"href":"https:\/\/linitiative.ca\/International\/wp-json\/wp\/v2\/posts\/102575\/revisions"}],"wp:attachment":[{"href":"https:\/\/linitiative.ca\/International\/wp-json\/wp\/v2\/media?parent=102575"}],"wp:term":[{"taxonomy":"category","embeddable":true,"href":"https:\/\/linitiative.ca\/International\/wp-json\/wp\/v2\/categories?post=102575"},{"taxonomy":"post_tag","embeddable":true,"href":"https:\/\/linitiative.ca\/International\/wp-json\/wp\/v2\/tags?post=102575"}],"curies":[{"name":"wp","href":"https:\/\/api.w.org\/{rel}","templated":true}]}}