{"id":102578,"date":"2020-10-22T14:28:59","date_gmt":"2020-10-22T18:28:59","guid":{"rendered":"https:\/\/linitiative.ca\/International\/des-journees-detudes-sur-les-systemes-environnementaux\/"},"modified":"2020-10-22T14:28:59","modified_gmt":"2020-10-22T18:28:59","slug":"des-journees-detudes-sur-les-systemes-environnementaux","status":"publish","type":"post","link":"https:\/\/linitiative.ca\/International\/des-journees-detudes-sur-les-systemes-environnementaux\/","title":{"rendered":"Des journ\u00e9es d\u2019\u00e9tudes sur les syst\u00e8mes environnementaux"},"content":{"rendered":"<p class=\"c4\">La ville de Figuig a accueilli r\u00e9cemment deux journ\u00e9es d\u2019\u00e9tude sur les moyens de pr\u00e9server les syst\u00e8mes environnementaux de la province de Figuig, tels les oasis, les parcours ou les montagnes.<\/p>\n<p class=\"c4\">Ces rencontres, organis\u00e9es par l\u2019association Afak pour le d\u00e9veloppement et la citoyennet\u00e9, s\u2019inscrivent dans le cadre du projet \u00abPour le renforcement de l\u2019action de la soci\u00e9t\u00e9 civile et des jeunes dans le domaine de la protection et de la pr\u00e9servation de l\u2019environnement\u00bb, financ\u00e9 par l\u2019Union europ\u00e9enne dans le cadre du programme \u00abMoucharaka Mouatina\u00bb, indique un communiqu\u00e9 de l\u2019association.<\/p>\n<p class=\"c4\">Les participants \u00e0 ces journ\u00e9es d\u2019\u00e9tude, tenues en pr\u00e9sence de repr\u00e9sentants de la soci\u00e9t\u00e9 civile, d\u2019\u00e9lus et d\u2019experts, ont notamment appel\u00e9 \u00e0 adopter une strat\u00e9gie environnementale provinciale en vue de prot\u00e9ger l\u2019environnement pour et par la population locale.<\/p>\n<p class=\"c4\">Le projet \u00abPour le renforcement de l\u2019action de la soci\u00e9t\u00e9 civile et des jeunes dans le domaine de la protection et de la pr\u00e9servation de l\u2019environnement\u00bb vise \u00e0 sensibiliser sur les dangers qui menacent les syst\u00e8mes \u00e9cologiques dans la province de Figuig et promouvoir le r\u00f4le de la soci\u00e9t\u00e9 civile dans le domaine de l\u2019environnement.<\/p>\n<p class=\"c4\">Cette initiative met l\u2019accent sur l\u2019int\u00e9gration de la dimension environnementale dans les pratiques p\u00e9dagogiques des \u00e9tablissements scolaires pour faire des jeunes scolaris\u00e9s un vecteur de promotion de la culture environnementale au sein de la soci\u00e9t\u00e9.<\/p>\n<p class=\"c4\">Cr\u00e9\u00e9e en 2012, l\u2019association Afak pour le d\u00e9veloppement et la citoyennet\u00e9 a pour objectifs principaux la contribution au d\u00e9veloppement local, la pr\u00e9servation de l\u2019environnement et l\u2019\u00e9ducation aux valeurs de la citoyennet\u00e9, des droits de l\u2019Homme et de la d\u00e9mocratie.<\/p>\n<p>Auteur: Soufiane ELAHMAR<br \/>\n<a href=\"http:\/\/www.mapoujda.ma\/fr\/des-journees-detudes-sur-les-systemes-environnementaux\/\">Cliquez ici pour lire l&rsquo;article depuis sa source.<\/a><\/p>\n","protected":false},"excerpt":{"rendered":"<p>La ville de Figuig a accueilli r\u00e9cemment deux journ\u00e9es d\u2019\u00e9tude sur les moyens de pr\u00e9server les syst\u00e8mes environnementaux de la province de Figuig, tels les oasis, les parcours ou les montagnes. Ces rencontres, organis\u00e9es par l\u2019association Afak pour le d\u00e9veloppement et la citoyennet\u00e9, s\u2019inscrivent dans le cadre du projet \u00abPour le renforcement de l\u2019action de [&hellip;]<\/p>\n","protected":false},"author":1788,"featured_media":0,"comment_status":"closed","ping_status":"closed","sticky":false,"template":"","format":"standard","meta":{"fifu_image_url":"","fifu_image_alt":"","footnotes":""},"categories":[54,76],"tags":[],"class_list":["post-102578","post","type-post","status-publish","format-standard","hentry","category-maroc","category-regions"],"_links":{"self":[{"href":"https:\/\/linitiative.ca\/International\/wp-json\/wp\/v2\/posts\/102578","targetHints":{"allow":["GET"]}}],"collection":[{"href":"https:\/\/linitiative.ca\/International\/wp-json\/wp\/v2\/posts"}],"about":[{"href":"https:\/\/linitiative.ca\/International\/wp-json\/wp\/v2\/types\/post"}],"author":[{"embeddable":true,"href":"https:\/\/linitiative.ca\/International\/wp-json\/wp\/v2\/users\/1788"}],"replies":[{"embeddable":true,"href":"https:\/\/linitiative.ca\/International\/wp-json\/wp\/v2\/comments?post=102578"}],"version-history":[{"count":0,"href":"https:\/\/linitiative.ca\/International\/wp-json\/wp\/v2\/posts\/102578\/revisions"}],"wp:attachment":[{"href":"https:\/\/linitiative.ca\/International\/wp-json\/wp\/v2\/media?parent=102578"}],"wp:term":[{"taxonomy":"category","embeddable":true,"href":"https:\/\/linitiative.ca\/International\/wp-json\/wp\/v2\/categories?post=102578"},{"taxonomy":"post_tag","embeddable":true,"href":"https:\/\/linitiative.ca\/International\/wp-json\/wp\/v2\/tags?post=102578"}],"curies":[{"name":"wp","href":"https:\/\/api.w.org\/{rel}","templated":true}]}}