{"id":102581,"date":"2020-10-23T12:00:00","date_gmt":"2020-10-23T16:00:00","guid":{"rendered":"https:\/\/linitiative.ca\/International\/yassine-chikhaoui-reconduit-jusqua-juin-2021\/"},"modified":"2020-10-23T12:00:00","modified_gmt":"2020-10-23T16:00:00","slug":"yassine-chikhaoui-reconduit-jusqua-juin-2021","status":"publish","type":"post","link":"https:\/\/linitiative.ca\/International\/yassine-chikhaoui-reconduit-jusqua-juin-2021\/","title":{"rendered":"Yassine Chikhaoui reconduit jusqu\u2019\u00e0 juin 2021"},"content":{"rendered":"<p class=\"p1 c3\"><span class=\"c2\">Apr\u00e8s la grisaille, l\u2019\u00e9claircie. Eneffet, apr\u00e8s la s\u00e9rie noire d\u2019\u00e9v\u00e8nements d\u00e9stabilisants dont l\u2019apog\u00e9e a \u00e9t\u00e9 la rassemblement massif d\u2019une frange de supporters r\u00e9clamant carr\u00e9ment le d\u00e9part du pr\u00e9sident du club ;place d\u00e9sormais aux ondes positives de surcroit multidimensionnelles.<\/span><\/p>\n<p class=\"p1 c3\"><span class=\"c2\">En effet, la r\u00e9union avec les d\u00e9tenteurs des pages Facebook et les repr\u00e9sentants des groupes de supporters a \u00e9t\u00e9 vraiment fructueuse a permis de dissiper les zones d\u2019ombre et surtout de ressouder les rangs autour de Ridha Charfeddine qui a r\u00e9it\u00e9r\u00e9 son engagement \u00e0 offrir les meilleures conditions possibles aux diff\u00e9rentes sections. Et pour preuve, il vient de d\u00e9bloquer pr\u00e8s de 2 millions de dinars pour r\u00e9gulariser les dossiers litigieux rest\u00e9s en instance pour garantir la participation \u00e0 la prochaine \u00e9dition de la coupe de la CAF.<\/span><\/p>\n<p class=\"p1 c3\"><span class=\"c2\">L\u2019autre action qui n\u2019a pas manqu\u00e9 de faire plaisir aux supporters du club, est sans aucun doute la reconduction jusqu\u2019en juin 2021 du capitaine Yassine Chikhaoui, apr\u00e8s dissipation des diff\u00e9rends entre les deux parties, un fait qui permettra au groupe une assise plus cons\u00e9quente compte tenu de l\u2019exp\u00e9rience consomm\u00e9e et de l\u2019impact moral ind\u00e9niable du strat\u00e8ge \u00e9toil\u00e9 sur ses co\u00e9quipiers.<\/span><\/p>\n<p class=\"p1 c3\"><span class=\"c2\">Un air de changement en perspective<\/span><\/p>\n<p class=\"p1 c3\"><span class=\"c2\">Toujours dans cette mouvance positive, l\u2019on vient d\u2019apprendre que le pr\u00e9sident de l\u2019Etoile multiplie actuellement les tractations et les concertations pour injecter du sang neuf dans le corps manag\u00e9rial du club en faisant appel \u00e0 des figures rassembleuses et surtout pertinentes.<\/span><\/p>\n<p class=\"p2 c4\">\u00a0<\/p>\n<p class=\"p3 c5\"><span class=\"c2\">Boughattas nullement libre !<\/span><\/p>\n<p class=\"p1 c3\"><span class=\"c2\">Annonc\u00e9 partant pour la formation \u00e9gyptienne d\u2019Enppi tout en faisant valoir un statut de joueur libre, le secr\u00e9taire g\u00e9n\u00e9ral de l\u2019Etoile Me Hammouda Bouazza nous a confirm\u00e9 que Zied Boughattas est li\u00e9 au club sah\u00e9lien jusqu\u2019en juin 2022 et que son nouveau bail qui prend fin dans deux ans a \u00e9t\u00e9 bel bien envoy\u00e9 \u00e0 la FTF au courant de cette p\u00e9riode appel\u00e9e p\u00e9riode d\u2019inscription, chose qui n\u2019\u00e9tait gu\u00e8re possible avant puisque on \u00e9tait dans une p\u00e9riode dite prot\u00e9g\u00e9e d\u2019apr\u00e8s les aveux du secr\u00e9taire g\u00e9n\u00e9ral. De fait, Boughattas ne pourrait pas opter pour un autre club sans l\u2019aval de l\u2019ESS.<\/span><\/p>\n<p class=\"p4 c6\"><span class=\"c2\">Hatem REGAIEG<\/span><\/p>\n<p>Auteur: letemps1<br \/>\n<a href=\"http:\/\/www.letemps.com.tn\/article\/117743\/yassine-chikhaoui-reconduit-jusqu%E2%80%99%C3%A0-juin-2021\">Cliquez ici pour lire l&rsquo;article depuis sa source.<\/a><\/p>\n","protected":false},"excerpt":{"rendered":"<p>Apr\u00e8s la grisaille, l\u2019\u00e9claircie. Eneffet, apr\u00e8s la s\u00e9rie noire d\u2019\u00e9v\u00e8nements d\u00e9stabilisants dont l\u2019apog\u00e9e a \u00e9t\u00e9 la rassemblement massif d\u2019une frange de supporters r\u00e9clamant carr\u00e9ment le d\u00e9part du pr\u00e9sident du club ;place d\u00e9sormais aux ondes positives de surcroit multidimensionnelles. En effet, la r\u00e9union avec les d\u00e9tenteurs des pages Facebook et les repr\u00e9sentants des groupes de supporters [&hellip;]<\/p>\n","protected":false},"author":1773,"featured_media":0,"comment_status":"closed","ping_status":"closed","sticky":false,"template":"","format":"standard","meta":{"fifu_image_url":"","fifu_image_alt":"","footnotes":""},"categories":[73,55],"tags":[],"class_list":["post-102581","post","type-post","status-publish","format-standard","hentry","category-actualite","category-tunisie"],"_links":{"self":[{"href":"https:\/\/linitiative.ca\/International\/wp-json\/wp\/v2\/posts\/102581","targetHints":{"allow":["GET"]}}],"collection":[{"href":"https:\/\/linitiative.ca\/International\/wp-json\/wp\/v2\/posts"}],"about":[{"href":"https:\/\/linitiative.ca\/International\/wp-json\/wp\/v2\/types\/post"}],"author":[{"embeddable":true,"href":"https:\/\/linitiative.ca\/International\/wp-json\/wp\/v2\/users\/1773"}],"replies":[{"embeddable":true,"href":"https:\/\/linitiative.ca\/International\/wp-json\/wp\/v2\/comments?post=102581"}],"version-history":[{"count":0,"href":"https:\/\/linitiative.ca\/International\/wp-json\/wp\/v2\/posts\/102581\/revisions"}],"wp:attachment":[{"href":"https:\/\/linitiative.ca\/International\/wp-json\/wp\/v2\/media?parent=102581"}],"wp:term":[{"taxonomy":"category","embeddable":true,"href":"https:\/\/linitiative.ca\/International\/wp-json\/wp\/v2\/categories?post=102581"},{"taxonomy":"post_tag","embeddable":true,"href":"https:\/\/linitiative.ca\/International\/wp-json\/wp\/v2\/tags?post=102581"}],"curies":[{"name":"wp","href":"https:\/\/api.w.org\/{rel}","templated":true}]}}