{"id":102583,"date":"2020-10-23T12:00:00","date_gmt":"2020-10-23T16:00:00","guid":{"rendered":"https:\/\/linitiative.ca\/International\/infantino-refute-le-projet-dune-superligue-2\/"},"modified":"2020-10-23T12:00:00","modified_gmt":"2020-10-23T16:00:00","slug":"infantino-refute-le-projet-dune-superligue-2","status":"publish","type":"post","link":"https:\/\/linitiative.ca\/International\/infantino-refute-le-projet-dune-superligue-2\/","title":{"rendered":"Infantino r\u00e9fute le projet d\u2019une Superligue"},"content":{"rendered":"<p class=\"p1 c3\"><span class=\"c2\">Gianni Infantino, le pr\u00e9sident de la FIFA, a d\u00e9menti la rumeur selon laquelle son instance envisageait d\u2019organiser une superligue europ\u00e9enne.<\/span><\/p>\n<p class=\"p1 c3\"><span class=\"c2\">Cette semaine, un m\u00e9dia anglais a fait savoir que la FIFA concoctait un \u00e9norme projet pour les grands clubs europ\u00e9ens \u00e0 partir de 2022. Il serait question d\u2019une ligue ferm\u00e9e, comme celle que voulait mettre en place l\u2019ECA, et qui inclurait les meilleures \u00e9curies du continent. Un championnat financ\u00e9 par une banque am\u00e9ricaine, et destin\u00e9 \u00e0 concurrencer la Ligue des Champions. Il n\u2019en est rien en r\u00e9alit\u00e9.<\/span><\/p>\n<p class=\"p1 c3\"><span class=\"c2\">Gianni Infantino, le patron de la FIFA, a assur\u00e9 dans un entretien \u00e0 Aargauer Zeitung qu\u2019il n\u2019est absolument pas question d\u2019organiser une \u00e9preuve qui concernerait uniquement les clubs europ\u00e9ens. Ce n\u2019est pas de son ressort, et ce n\u2019est surtout pas ce pourquoi il milite avec ses disciples.<\/span><\/p>\n<p class=\"p2 c4\"><span class=\"c2\"><strong>Infantino d\u00e9sapprouve compl\u00e8tement l\u2019id\u00e9e<\/strong><\/span><\/p>\n<p class=\"p1 c3\"><span class=\"c2\">\u00abEn tant que pr\u00e9sident de la FIFA, je m\u203aint\u00e9resse \u00e0 la\u00a0Coupe du monde des clubs, pas \u00e0 la \u00ab superligue \u00bb, a-t-il tonn\u00e9. Pour moi, il ne s\u2019agit pas du\u00a0Bayern Munichcontre\u00a0Liverpool, mais du Bayern contre Boca Juniors. Liverpool a 180 millions de fans dans le monde. Flamengo a 40 millions de fans et 39 millions d\u2019entre eux sont au\u00a0Br\u00e9sil. Liverpool a peut-\u00eatre 5 millions de fans en\u00a0Angleterre\u00a0et 175 millions de fans dans le monde \u00bb.<\/span><\/p>\n<p class=\"p1 c3\"><span class=\"c2\">Pour rappel, la Coupe du Monde des clubs devait \u00eatre organis\u00e9e cet \u00e9t\u00e9 en\u00a0Chinedu 17 juin au 4 juillet, mais elle a \u00e9t\u00e9 report\u00e9e \u00e0 une date ult\u00e9rieure, en raison de la pand\u00e9mie de coronavirus, qui a entra\u00een\u00e9 le report de plusieurs comp\u00e9titions continentales.<\/span><\/p>\n<p>Auteur: letemps1<br \/>\n<a href=\"http:\/\/www.letemps.com.tn\/article\/117745\/infantino-r%C3%A9fute-le-projet-d%E2%80%99une-superligue\">Cliquez ici pour lire l&rsquo;article depuis sa source.<\/a><\/p>\n","protected":false},"excerpt":{"rendered":"<p>Gianni Infantino, le pr\u00e9sident de la FIFA, a d\u00e9menti la rumeur selon laquelle son instance envisageait d\u2019organiser une superligue europ\u00e9enne. Cette semaine, un m\u00e9dia anglais a fait savoir que la FIFA concoctait un \u00e9norme projet pour les grands clubs europ\u00e9ens \u00e0 partir de 2022. Il serait question d\u2019une ligue ferm\u00e9e, comme celle que voulait mettre [&hellip;]<\/p>\n","protected":false},"author":1773,"featured_media":0,"comment_status":"closed","ping_status":"closed","sticky":false,"template":"","format":"standard","meta":{"fifu_image_url":"","fifu_image_alt":"","footnotes":""},"categories":[73,55],"tags":[],"class_list":["post-102583","post","type-post","status-publish","format-standard","hentry","category-actualite","category-tunisie"],"_links":{"self":[{"href":"https:\/\/linitiative.ca\/International\/wp-json\/wp\/v2\/posts\/102583","targetHints":{"allow":["GET"]}}],"collection":[{"href":"https:\/\/linitiative.ca\/International\/wp-json\/wp\/v2\/posts"}],"about":[{"href":"https:\/\/linitiative.ca\/International\/wp-json\/wp\/v2\/types\/post"}],"author":[{"embeddable":true,"href":"https:\/\/linitiative.ca\/International\/wp-json\/wp\/v2\/users\/1773"}],"replies":[{"embeddable":true,"href":"https:\/\/linitiative.ca\/International\/wp-json\/wp\/v2\/comments?post=102583"}],"version-history":[{"count":0,"href":"https:\/\/linitiative.ca\/International\/wp-json\/wp\/v2\/posts\/102583\/revisions"}],"wp:attachment":[{"href":"https:\/\/linitiative.ca\/International\/wp-json\/wp\/v2\/media?parent=102583"}],"wp:term":[{"taxonomy":"category","embeddable":true,"href":"https:\/\/linitiative.ca\/International\/wp-json\/wp\/v2\/categories?post=102583"},{"taxonomy":"post_tag","embeddable":true,"href":"https:\/\/linitiative.ca\/International\/wp-json\/wp\/v2\/tags?post=102583"}],"curies":[{"name":"wp","href":"https:\/\/api.w.org\/{rel}","templated":true}]}}