{"id":102584,"date":"2020-10-23T12:00:00","date_gmt":"2020-10-23T16:00:00","guid":{"rendered":"https:\/\/linitiative.ca\/International\/ronaldo-incertain-pour-les-retrouvailles-avec-messi-et-le-barca\/"},"modified":"2020-10-23T12:00:00","modified_gmt":"2020-10-23T16:00:00","slug":"ronaldo-incertain-pour-les-retrouvailles-avec-messi-et-le-barca","status":"publish","type":"post","link":"https:\/\/linitiative.ca\/International\/ronaldo-incertain-pour-les-retrouvailles-avec-messi-et-le-barca\/","title":{"rendered":"Ronaldo incertain pour les retrouvailles avec Messi et le Bar\u00e7a"},"content":{"rendered":"<p class=\"p1 c3\"><span class=\"c2\">La star de la Juventus, Cristiano Ronaldo, n\u2019est pas encore s\u00fbre de participer mercredi prochain au choc contre le Bar\u00e7a en C1.<\/span><\/p>\n<p class=\"p1 c3\"><span class=\"c2\">La\u00a0Juventus\u00a0risque de devoir faire sans son joueur vedette, en l\u2019occurrence Cristiano Ronaldo, mercredi \u00e0 l\u2019occasion de son duel contre Barcelone, comptant pour la 2e journ\u00e9e de Ligue des Champions.<\/span><\/p>\n<p class=\"p1 c3\"><span class=\"c2\">Le Portugais a \u00e9t\u00e9 test\u00e9 positif au Covid-19 il y a une semaine alors qu\u2019il se trouvait avec sa s\u00e9lection nationale. Pour qu\u2019il puisse reprendre la comp\u00e9tition, il doit pr\u00e9senter un test n\u00e9gatif. Or, il se trouve qu\u2019il est toujours infect\u00e9 et donc dans l\u2019incapacit\u00e9 de venir en aide \u00e0 son \u00e9quipe.<\/span><\/p>\n<p class=\"p1 c3\"><span class=\"c2\">Rien n\u2019est encore act\u00e9 et l\u2019optimisme reste de mise dans le camp bianconero. Mais, il y aurait un risque pour que l\u2019ancien merengue rate cette opposition face aux Blaugrana et les retrouvailles tant attendues avec son rival, Lionel Messi. Un sc\u00e9nario qui serait pour le moins dommageable.<\/span><\/p>\n<p class=\"p1 c3\"><span class=\"c2\">A noter que jusque-l\u00e0, Ronaldo n\u2019a disput\u00e9 que deux matches de la Vieille Dame cette saison. C\u2019\u00e9tait les deux premiers en\u00a0Serie A. Il s\u2019\u00e9tait distingu\u00e9 en marquant trois buts.<\/span><\/p>\n<p>Auteur: letemps1<br \/>\n<a href=\"http:\/\/www.letemps.com.tn\/article\/117746\/ronaldo-incertain-pour-les-retrouvailles-avec-messi-et-le-bar%C3%A7a\">Cliquez ici pour lire l&rsquo;article depuis sa source.<\/a><\/p>\n","protected":false},"excerpt":{"rendered":"<p>La star de la Juventus, Cristiano Ronaldo, n\u2019est pas encore s\u00fbre de participer mercredi prochain au choc contre le Bar\u00e7a en C1. La\u00a0Juventus\u00a0risque de devoir faire sans son joueur vedette, en l\u2019occurrence Cristiano Ronaldo, mercredi \u00e0 l\u2019occasion de son duel contre Barcelone, comptant pour la 2e journ\u00e9e de Ligue des Champions. Le Portugais a \u00e9t\u00e9 [&hellip;]<\/p>\n","protected":false},"author":1773,"featured_media":0,"comment_status":"closed","ping_status":"closed","sticky":false,"template":"","format":"standard","meta":{"fifu_image_url":"","fifu_image_alt":"","footnotes":""},"categories":[73,55],"tags":[],"class_list":["post-102584","post","type-post","status-publish","format-standard","hentry","category-actualite","category-tunisie"],"_links":{"self":[{"href":"https:\/\/linitiative.ca\/International\/wp-json\/wp\/v2\/posts\/102584","targetHints":{"allow":["GET"]}}],"collection":[{"href":"https:\/\/linitiative.ca\/International\/wp-json\/wp\/v2\/posts"}],"about":[{"href":"https:\/\/linitiative.ca\/International\/wp-json\/wp\/v2\/types\/post"}],"author":[{"embeddable":true,"href":"https:\/\/linitiative.ca\/International\/wp-json\/wp\/v2\/users\/1773"}],"replies":[{"embeddable":true,"href":"https:\/\/linitiative.ca\/International\/wp-json\/wp\/v2\/comments?post=102584"}],"version-history":[{"count":0,"href":"https:\/\/linitiative.ca\/International\/wp-json\/wp\/v2\/posts\/102584\/revisions"}],"wp:attachment":[{"href":"https:\/\/linitiative.ca\/International\/wp-json\/wp\/v2\/media?parent=102584"}],"wp:term":[{"taxonomy":"category","embeddable":true,"href":"https:\/\/linitiative.ca\/International\/wp-json\/wp\/v2\/categories?post=102584"},{"taxonomy":"post_tag","embeddable":true,"href":"https:\/\/linitiative.ca\/International\/wp-json\/wp\/v2\/tags?post=102584"}],"curies":[{"name":"wp","href":"https:\/\/api.w.org\/{rel}","templated":true}]}}