{"id":102598,"date":"2020-10-23T10:36:00","date_gmt":"2020-10-23T14:36:00","guid":{"rendered":"https:\/\/linitiative.ca\/International\/sidi-bel-abbes-electrification-solaire-de-500-foyers-isoles\/"},"modified":"2020-10-23T10:36:00","modified_gmt":"2020-10-23T14:36:00","slug":"sidi-bel-abbes-electrification-solaire-de-500-foyers-isoles","status":"publish","type":"post","link":"https:\/\/linitiative.ca\/International\/sidi-bel-abbes-electrification-solaire-de-500-foyers-isoles\/","title":{"rendered":"SIDI BEL ABBES : Electrification solaire  de 500 foyers isol\u00e9s"},"content":{"rendered":"<p><br id=\"sep_para_1\" class=\"sep_para access\"\/><\/p>\n<div id=\"para_1\" class=\"para_39159693 resize\">\n<div class=\"texte access firstletter\">Le projet ambitieux de ces installations photovolta\u00efques a d&rsquo;ailleurs port\u00e9 ses fruits et vu son premier mod\u00e8le se r\u00e9aliser, au profit de\u00a0 familles n\u00e9cessiteuses, au lieu dit \u00a0\u00bbBennacer\u00a0\u00bb,dans la commune de Redjem Demmouche, da\u00efra de Ras El Ma,110 km au sud-ouest de Sidi Bel Abb\u00e8s, faisant m\u00eame l&rsquo;objet ,le 17 octobre 2020 ,d&rsquo;une visite satisfaisante du wali , Mr Limani Mustapha qui s&rsquo;en est r\u00e9joui.\u00a0 De son c\u00f4t\u00e9, le directeur du secteur concern\u00e9 a expliqu\u00e9 au t\u00e9l\u00e9phone que l&rsquo;op\u00e9ration d&rsquo;\u00e9lectrification par \u00e9nergie solaire photovolta\u00efque ne toucherait que les zones d&rsquo;ombre non connect\u00e9es aux r\u00e9seaux d&rsquo;\u00e9lectricit\u00e9 et du gaz, tout en assurant la mise en marche du t\u00e9l\u00e9viseur, r\u00e9frig\u00e9rateur 24\/H, de 6 \u00e0 8 lampes d&rsquo;\u00e9clairage, et quelques autres prises \u00e9lectriques.\u00a0 Pour le gaz, poursuit notre interlocuteur,\u00a0 nous avons opt\u00e9 pour la\u00a0 solution individuelle, appuy\u00e9e par la pose d&rsquo;une batterie de 2\u00d75 p35 (une bouteille de gaz propane de 35 kg a l&rsquo;\u00e9quivalent de 3 bouteilles\u00a0 de gaz butane). Ces installations pr\u00e9vues assurent aux b\u00e9n\u00e9ficiaires une autonomie de plusieurs mois.\u00a0\u00bbL&rsquo;\u00e9nergie solaire serait devenue aujourd&rsquo;hui,\u00a0 l&rsquo;une des premi\u00e8res sources d&rsquo;\u00e9nergie renouvelable au monde. Elle est in\u00e9puisable, disponible partout et ne produit ni d\u00e9chet ni gaz \u00e0 effet de serre\u00bb, conclut Mr Yazid Zanouch.<\/div>\n<\/div>\n<p>Auteur: Noui Moussa<br \/>\n<a href=\"https:\/\/www.reflexiondz.net\/SIDI-BEL-ABBES-Electrification-solaire-de-500-foyers-isoles_a65938.html\">Cliquez ici pour lire l&rsquo;article depuis sa source.<\/a><\/p>\n","protected":false},"excerpt":{"rendered":"<p>Le projet ambitieux de ces installations photovolta\u00efques a d&rsquo;ailleurs port\u00e9 ses fruits et vu son premier mod\u00e8le se r\u00e9aliser, au profit de\u00a0 familles n\u00e9cessiteuses, au lieu dit \u00a0\u00bbBennacer\u00a0\u00bb,dans la commune de Redjem Demmouche, da\u00efra de Ras El Ma,110 km au sud-ouest de Sidi Bel Abb\u00e8s, faisant m\u00eame l&rsquo;objet ,le 17 octobre 2020 ,d&rsquo;une visite satisfaisante [&hellip;]<\/p>\n","protected":false},"author":1740,"featured_media":0,"comment_status":"closed","ping_status":"closed","sticky":false,"template":"","format":"standard","meta":{"fifu_image_url":"","fifu_image_alt":"","footnotes":""},"categories":[53,76],"tags":[],"class_list":["post-102598","post","type-post","status-publish","format-standard","hentry","category-algerie","category-regions"],"_links":{"self":[{"href":"https:\/\/linitiative.ca\/International\/wp-json\/wp\/v2\/posts\/102598","targetHints":{"allow":["GET"]}}],"collection":[{"href":"https:\/\/linitiative.ca\/International\/wp-json\/wp\/v2\/posts"}],"about":[{"href":"https:\/\/linitiative.ca\/International\/wp-json\/wp\/v2\/types\/post"}],"author":[{"embeddable":true,"href":"https:\/\/linitiative.ca\/International\/wp-json\/wp\/v2\/users\/1740"}],"replies":[{"embeddable":true,"href":"https:\/\/linitiative.ca\/International\/wp-json\/wp\/v2\/comments?post=102598"}],"version-history":[{"count":0,"href":"https:\/\/linitiative.ca\/International\/wp-json\/wp\/v2\/posts\/102598\/revisions"}],"wp:attachment":[{"href":"https:\/\/linitiative.ca\/International\/wp-json\/wp\/v2\/media?parent=102598"}],"wp:term":[{"taxonomy":"category","embeddable":true,"href":"https:\/\/linitiative.ca\/International\/wp-json\/wp\/v2\/categories?post=102598"},{"taxonomy":"post_tag","embeddable":true,"href":"https:\/\/linitiative.ca\/International\/wp-json\/wp\/v2\/tags?post=102598"}],"curies":[{"name":"wp","href":"https:\/\/api.w.org\/{rel}","templated":true}]}}