{"id":102599,"date":"2020-10-23T10:36:00","date_gmt":"2020-10-23T14:36:00","guid":{"rendered":"https:\/\/linitiative.ca\/International\/ministres-des-ae-du-dialogue-55-boukadoum-prend-part-a-la-16e-reunion\/"},"modified":"2020-10-23T10:36:00","modified_gmt":"2020-10-23T14:36:00","slug":"ministres-des-ae-du-dialogue-55-boukadoum-prend-part-a-la-16e-reunion","status":"publish","type":"post","link":"https:\/\/linitiative.ca\/International\/ministres-des-ae-du-dialogue-55-boukadoum-prend-part-a-la-16e-reunion\/","title":{"rendered":"MINISTRES DES AE DU DIALOGUE 5+5 : Boukadoum prend  part \u00e0 la 16e r\u00e9union"},"content":{"rendered":"<p><br id=\"sep_para_1\" class=\"sep_para access\"\/><\/p>\n<div id=\"para_1\" class=\"para_39159796 resize\">\n<div class=\"texte access firstletter\">Le ministre des Affaires \u00e9trang\u00e8res, Sabri Boukadoum, a pris part jeudi \u00e0 la 16\u00e8me r\u00e9union des ministres des Affaires \u00e9trang\u00e8res du Dialogue en M\u00e9diterran\u00e9e occidentale (Dialogue 5+5), tenue par visioconf\u00e9rence, en raison de la situation sanitaire dans le monde li\u00e9e \u00e0 la pand\u00e9mie de Covid-19, indique un communiqu\u00e9 du minist\u00e8re. La r\u00e9union organis\u00e9e autour du th\u00e8me \u00ab\u00a0Ensemble pour la s\u00e9curit\u00e9 collective et le partenariat dans le bassin occidental de la M\u00e9diterran\u00e9e\u00a0\u00bb, co\u00efncide cette ann\u00e9e avec la c\u00e9l\u00e9bration du 30e anniversaire du Dialogue 5+5. M.Boukadoum a saisi cette occasion pour mettre en exergue la vision de l&rsquo;Alg\u00e9rie concernant les diff\u00e9rentes questions d&rsquo;int\u00e9r\u00eat commun inscrites \u00e0 l&rsquo;ordre du jour, en particulier la crise en Libye, la situation au Sahel et la lutte antiterroriste, pr\u00e9cise le communiqu\u00e9. Il a, en outre, soulign\u00e9 l&rsquo;importance d&rsquo;une collaboration \u00ab\u00a0plus accrue\u00a0\u00bb entre les parties, concernant les nombreux d\u00e9fis auxquels fait face la r\u00e9gion de la M\u00e9diterran\u00e9e occidentale, \u00e0 l&rsquo;instar de la migration, la jeunesse et l&#8217;emploi, l&rsquo;environnement et le d\u00e9veloppement durable. Le chef de la diplomatie alg\u00e9rienne a r\u00e9affirm\u00e9 l&rsquo;attachement de l&rsquo;Alg\u00e9rie \u00e0 une solution politique \u00e0 la crise libyenne et sa \u00ab\u00a0disponibilit\u00e9 permanente\u00a0\u00bb \u00e0 \u0153uvrer pour le retour \u00e0 la stabilit\u00e9 de ce pays fr\u00e8re, ajoute la m\u00eame source.\u00a0\u00a0\u00a0\u00a0\u00a0\u00a0\u00a0\u00a0\u00a0\u00a0\u00a0\u00a0\u00a0\u00a0\u00a0\u00a0\u00a0\u00a0\u00a0\u00a0\u00a0\u00a0\u00a0\u00a0\u00a0\u00a0\u00a0\u00a0\u00a0\u00a0\u00a0<\/div>\n<\/div>\n<p>Auteur: Ismain<br \/>\n<a href=\"https:\/\/www.reflexiondz.net\/MINISTRES-DES-AE-DU-DIALOGUE-5-5-Boukadoum-prend-part-a-la-16e-reunion_a65951.html\">Cliquez ici pour lire l&rsquo;article depuis sa source.<\/a><\/p>\n","protected":false},"excerpt":{"rendered":"<p>Le ministre des Affaires \u00e9trang\u00e8res, Sabri Boukadoum, a pris part jeudi \u00e0 la 16\u00e8me r\u00e9union des ministres des Affaires \u00e9trang\u00e8res du Dialogue en M\u00e9diterran\u00e9e occidentale (Dialogue 5+5), tenue par visioconf\u00e9rence, en raison de la situation sanitaire dans le monde li\u00e9e \u00e0 la pand\u00e9mie de Covid-19, indique un communiqu\u00e9 du minist\u00e8re. La r\u00e9union organis\u00e9e autour du [&hellip;]<\/p>\n","protected":false},"author":1740,"featured_media":0,"comment_status":"closed","ping_status":"closed","sticky":false,"template":"","format":"standard","meta":{"fifu_image_url":"","fifu_image_alt":"","footnotes":""},"categories":[53,76],"tags":[],"class_list":["post-102599","post","type-post","status-publish","format-standard","hentry","category-algerie","category-regions"],"_links":{"self":[{"href":"https:\/\/linitiative.ca\/International\/wp-json\/wp\/v2\/posts\/102599","targetHints":{"allow":["GET"]}}],"collection":[{"href":"https:\/\/linitiative.ca\/International\/wp-json\/wp\/v2\/posts"}],"about":[{"href":"https:\/\/linitiative.ca\/International\/wp-json\/wp\/v2\/types\/post"}],"author":[{"embeddable":true,"href":"https:\/\/linitiative.ca\/International\/wp-json\/wp\/v2\/users\/1740"}],"replies":[{"embeddable":true,"href":"https:\/\/linitiative.ca\/International\/wp-json\/wp\/v2\/comments?post=102599"}],"version-history":[{"count":0,"href":"https:\/\/linitiative.ca\/International\/wp-json\/wp\/v2\/posts\/102599\/revisions"}],"wp:attachment":[{"href":"https:\/\/linitiative.ca\/International\/wp-json\/wp\/v2\/media?parent=102599"}],"wp:term":[{"taxonomy":"category","embeddable":true,"href":"https:\/\/linitiative.ca\/International\/wp-json\/wp\/v2\/categories?post=102599"},{"taxonomy":"post_tag","embeddable":true,"href":"https:\/\/linitiative.ca\/International\/wp-json\/wp\/v2\/tags?post=102599"}],"curies":[{"name":"wp","href":"https:\/\/api.w.org\/{rel}","templated":true}]}}