{"id":102601,"date":"2020-10-23T06:32:00","date_gmt":"2020-10-23T10:32:00","guid":{"rendered":"https:\/\/linitiative.ca\/International\/kais-saied-an-1-a-carthage-exclusif-comment-mohamed-ennaceur-lui-avait-remis-les-pouvoirs-photos-video\/"},"modified":"2020-10-23T06:32:00","modified_gmt":"2020-10-23T10:32:00","slug":"kais-saied-an-1-a-carthage-exclusif-comment-mohamed-ennaceur-lui-avait-remis-les-pouvoirs-photos-video","status":"publish","type":"post","link":"https:\/\/linitiative.ca\/International\/kais-saied-an-1-a-carthage-exclusif-comment-mohamed-ennaceur-lui-avait-remis-les-pouvoirs-photos-video\/","title":{"rendered":"Kais Sa\u00efed, An 1 \u00e0 Carthage : Exclusif, comment Mohamed Ennaceur lui avait remis les pouvoirs (Photos \/ Vid\u00e9o)"},"content":{"rendered":"<p>Une premi\u00e8re transition douce, fluide, imm\u00e9diate et dans l\u2019\u00e9motion, \u00e0 la mort le 25 juillet 2019 du pr\u00e9sident de la R\u00e9publique, B\u00e9ji Ca\u00efd Essebsi. En sa qualit\u00e9 de pr\u00e9sident de l\u2019Assembl\u00e9e des repr\u00e9sentants du peuple, Mohamed Ennaceur devait en assurer l\u2019int\u00e9rim. Pour une p\u00e9riode n\u2019exc\u00e9dant pas 90 jours, le temps d\u2019organiser une \u00e9lection pr\u00e9sidentielle anticip\u00e9e.<\/p>\n<p class=\"c2\"><iframe loading=\"lazy\" src=\"https:\/\/www.youtube.com\/embed\/s64UeLh91g0\" allow=\"accelerometer; autoplay; clipboard-write; encrypted-media; gyroscope; picture-in-picture\" allowfullscreen=\"\" width=\"560\" height=\"315\" frameborder=\"0\">[embedded content]<\/iframe><\/p>\n<p>\u00ab Pas un jour de plus \u00bb, insistera-t-il, fermement, lorsque le pr\u00e9sident de l\u2019ISIE, Nabil Baffoun lui avait indiqu\u00e9 que c\u2019\u00e9tait quasi impossible, en raison des d\u00e9lais en vigueur. Qu\u2019\u00e0 cela ne tienne ! Mohamed Ennaceur trouvera la solution juridique qui permettra de compresser ces d\u00e9lais. L\u2019\u00e9lection, en deux tours, se tiendra les 15 septembre puis le 13 octobre, avec au final deux candidats en lice : Kais Sa\u00efed et Nabil Karoui. Sa\u00efed l\u2019emportera tr\u00e8s largement, avec plus de 72% des voix. Les r\u00e9sultats d\u00e9finitifs sont proclam\u00e9s.<\/p>\n<p>Mardi 23 octobre 2019, au 90\u00e8me jour de l\u2019int\u00e9rim, Kais Sa\u00efed, apr\u00e8s avoir pr\u00eat\u00e9 serment, devant les \u00e9lus de la Nation, au Parlement, foule pour la premi\u00e8re fois officiellement le palais de Carthage. A l\u2019entr\u00e9e de la prestigieuse b\u00e2tisse historique, Mohamed Ennaceur \u00e9tait \u00e0 son accueil. Dans une interview exclusive accord\u00e9e \u00e0 Leaders, il revient sur cette passation historique.<br \/>\u00a0<\/p>\n<p>Auteur:<br \/>\n<a href=\"https:\/\/www.leaders.com.tn\/article\/30779-kais-saied-an-1-a-carthage-exclusif-comment-mohamed-ennaceur-lui-avait-remis-les-pouvoirs-photos-video\">Cliquez ici pour lire l&rsquo;article depuis sa source.<\/a><\/p>\n","protected":false},"excerpt":{"rendered":"<p>Une premi\u00e8re transition douce, fluide, imm\u00e9diate et dans l\u2019\u00e9motion, \u00e0 la mort le 25 juillet 2019 du pr\u00e9sident de la R\u00e9publique, B\u00e9ji Ca\u00efd Essebsi. En sa qualit\u00e9 de pr\u00e9sident de l\u2019Assembl\u00e9e des repr\u00e9sentants du peuple, Mohamed Ennaceur devait en assurer l\u2019int\u00e9rim. Pour une p\u00e9riode n\u2019exc\u00e9dant pas 90 jours, le temps d\u2019organiser une \u00e9lection pr\u00e9sidentielle anticip\u00e9e. [&hellip;]<\/p>\n","protected":false},"author":1772,"featured_media":0,"comment_status":"closed","ping_status":"closed","sticky":false,"template":"","format":"standard","meta":{"fifu_image_url":"","fifu_image_alt":"","footnotes":""},"categories":[73,55],"tags":[],"class_list":["post-102601","post","type-post","status-publish","format-standard","hentry","category-actualite","category-tunisie"],"_links":{"self":[{"href":"https:\/\/linitiative.ca\/International\/wp-json\/wp\/v2\/posts\/102601","targetHints":{"allow":["GET"]}}],"collection":[{"href":"https:\/\/linitiative.ca\/International\/wp-json\/wp\/v2\/posts"}],"about":[{"href":"https:\/\/linitiative.ca\/International\/wp-json\/wp\/v2\/types\/post"}],"author":[{"embeddable":true,"href":"https:\/\/linitiative.ca\/International\/wp-json\/wp\/v2\/users\/1772"}],"replies":[{"embeddable":true,"href":"https:\/\/linitiative.ca\/International\/wp-json\/wp\/v2\/comments?post=102601"}],"version-history":[{"count":0,"href":"https:\/\/linitiative.ca\/International\/wp-json\/wp\/v2\/posts\/102601\/revisions"}],"wp:attachment":[{"href":"https:\/\/linitiative.ca\/International\/wp-json\/wp\/v2\/media?parent=102601"}],"wp:term":[{"taxonomy":"category","embeddable":true,"href":"https:\/\/linitiative.ca\/International\/wp-json\/wp\/v2\/categories?post=102601"},{"taxonomy":"post_tag","embeddable":true,"href":"https:\/\/linitiative.ca\/International\/wp-json\/wp\/v2\/tags?post=102601"}],"curies":[{"name":"wp","href":"https:\/\/api.w.org\/{rel}","templated":true}]}}