{"id":102605,"date":"2020-10-23T14:04:00","date_gmt":"2020-10-23T18:04:00","guid":{"rendered":"https:\/\/linitiative.ca\/International\/tunisie-non-a-lapologie-du-terrorisme\/"},"modified":"2020-10-23T14:04:00","modified_gmt":"2020-10-23T18:04:00","slug":"tunisie-non-a-lapologie-du-terrorisme","status":"publish","type":"post","link":"https:\/\/linitiative.ca\/International\/tunisie-non-a-lapologie-du-terrorisme\/","title":{"rendered":"Tunisie: Non \u00e0 l\u2019apologie du terrorisme"},"content":{"rendered":"<p>Nous, signataires de la pr\u00e9sente p\u00e9tition,<\/p>\n<p>D\u00e9non\u00e7ons vivement, et de la mani\u00e8re la plus ferme, les propos tenus par le d\u00e9put\u00e9 islamiste Rached Khiari, qui a justifi\u00e9 le meurtre pr\u00e9m\u00e9dit\u00e9 par d\u00e9capitation par un terroriste islamiste du professeur d\u2019Histoire Samuel Paty, en pleine rue, pr\u00e8s de son coll\u00e8ge, dans les Yvelines en France,o\u00f9 il enseignait, au pr\u00e9texte que ledit enseignant a montr\u00e9 \u00e0 ses \u00e9l\u00e8ves des caricatures du proph\u00e8te Mohammed. Justifiant ce crime odieux, le d\u00e9put\u00e9, prot\u00e9g\u00e9 par l\u2019immunit\u00e9 parlementaire, s\u2019autorise ouvertement \u00e0 dire\u00e0 travers un post sur son compte Facebook, largement diffus\u00e9 par les m\u00e9dias, que : \u00ab L\u2019offense au Messager d\u2019Allah est le plus grave des crimes et celui qui le commet doit en assumer les cons\u00e9quences, qu\u2019il s\u2019agisse d\u2019un Etat, d\u2019un groupe ou d\u2019un individu \u00bb. Il persiste et signe lors d\u2019un passage \u00e0 la cha\u00eene qatarie Al-jazira, en d\u00e9pit de l\u2019effort d\u00e9sesp\u00e9r\u00e9 du journaliste de lui arracher une condamnation ferme de l\u2019acte terroriste.<\/p>\n<p>Conscient.e.s que la R\u00e9volution a ouvert une nouvelle page d\u2019histoire en bannissant tous les syst\u00e8mes de violence et de dictature ; que la Constitution de 2014 a traduit le message de la r\u00e9volution en accordant les libert\u00e9s de culte, de croyance et de conscience, favorables \u00e0 la coexistence de toutes les religions et de toutes les opinions. Libert\u00e9s dont l\u2019Etat est d\u00e9sormais le seul garant.<\/p>\n<p>Conscient.e.s qu\u2019aucune conscience politique, religieuse ou philosophique n\u2019est aujourd\u2019hui en droit d\u2019assumer une quelconque tutelle ou quelconque direction, de quelque nature que ce soit, sur les consciences humaines des citoyens et sur les \u00e2mes.<\/p>\n<p>Conscient.e.s que le terrorisme n\u2019est pas seulement d\u2019ordre physique et mat\u00e9riel (d\u00e9capitation de Samuel Paty), il est aussi d\u2019ordre verbal (le d\u00e9put\u00e9 RachedKhiari), plus pernicieux et diffus. Vanter les m\u00e9rites de la d\u00e9capitation du professeur Samuel Paty en public, comme ch\u00e2timent divin, dans les r\u00e9seaux sociaux,est une forme d\u2019assassinat indirect ou psychologique. Au parlement, le terrorisme physique a pris la forme de la terreur verbale, comme c\u2019est le cas pour le d\u00e9put\u00e9 Khiari. Le discours de justification du terrorisme est lui-m\u00eame une des formes abjectes de terrorisme. Il incite \u00e0 la haine, au crime de ses semblables, \u00e0 l\u2019acte innommable, surtout dans un monde moderne disposant d\u2019outils sophistiqu\u00e9s de destruction, ainsi que de r\u00e9seaux sociaux aptes \u00e0 la manipulation desesprits.<\/p>\n<p>Conscients des effets n\u00e9fastes d\u2019une telle apologie sur la sc\u00e8ne nationale, nous saluons avec consid\u00e9ration la condamnation de l\u2019acte terroriste et son apologie par des organisations,des forces politiques et des associations et acteurs de la soci\u00e9t\u00e9 civile.<\/p>\n<p>Nous nous \u00e9tonnons du silence assourdissant de la majeure partie de la classe politique et des groupes parlementaires sur l\u2019apologie du terrorisme faite par le d\u00e9put\u00e9 en question.<\/p>\n<p>Nous appelons l\u2019Etat \u00e0 assumer ses responsabilit\u00e9s, lorsqu\u2019un d\u00e9put\u00e9 de la nation, \u00e9lu dans un syst\u00e8me d\u00e9mocratique attach\u00e9 \u00e0 des valeurs universelles, justifie un crime effroyable commis par des islamistes en France, qui se prennent pour un tribunal de l\u2019impi\u00e9t\u00e9 ou des d\u00e9l\u00e9gu\u00e9s charg\u00e9s d\u2019une mission divine usurp\u00e9e. L\u2019Etat doit donner suite \u00e0 l\u2019enqu\u00eate d\u00e9cid\u00e9e par le parquet et l\u2019Assembl\u00e9e autoriserla lev\u00e9e de l\u2019immunit\u00e9 du d\u00e9put\u00e9 RachedKhiari en vue d\u2019\u00eatre traduit devant la justice.<\/p>\n<p><span class=\"c3\"><span class=\"c2\"><strong>Signataires<\/strong><\/span><\/span><\/p>\n<p><span class=\"c4\"><strong>\u2022<\/strong><\/span> Ridha Chennoufi, Professeur de philosophie politique<br \/><span class=\"c4\"><strong>\u2022<\/strong><\/span> Hatem M\u2019rad, Professeur de science politique<br \/><span class=\"c4\"><strong>\u2022<\/strong><\/span> Raja Ben Slama, Professeur de Lettres et de civilisation arabes et psychanalyste<br \/><span class=\"c4\"><strong>\u2022<\/strong><\/span> Hamadi Redissi, Professeur de science politique<br \/><span class=\"c4\"><strong>\u2022<\/strong><\/span> Ali Mezghani, Professeur de droit<br \/><span class=\"c4\"><strong>\u2022<\/strong><\/span> Yadh Ben Achour, Professeur de droit, Ancien Doyen<br \/><span class=\"c4\"><strong>\u2022<\/strong><\/span> Fethi Ben Slama, Professeur de psychanalyse (France)<br \/><span class=\"c4\"><strong>\u2022<\/strong><\/span> Hamadi Ben Jaballah, Professeur de Philosophie<br \/><span class=\"c4\"><strong>\u2022<\/strong><\/span> Mohamed Cherif Ferjani, Professeur honoraire de science politique (France)<br \/><span class=\"c4\"><strong>\u2022<\/strong><\/span> Kamel Jendoubi, Ancien ministre<br \/><span class=\"c4\"><strong>\u2022<\/strong><\/span> FadhelJaziri, Cin\u00e9aste<br \/><span class=\"c4\"><strong>\u2022<\/strong><\/span> Sami Zemni, Professeur de science politique (Belgique)<br \/><span class=\"c4\"><strong>\u2022<\/strong><\/span> Melika Ouelbani, Professeur de philosophie<br \/><span class=\"c4\"><strong>\u2022<\/strong><\/span> Alia Gana, Directrice de recherches au CNRS<br \/><span class=\"c4\"><strong>\u2022<\/strong><\/span> Raba\u00e2 Abdelkafi, Universitaire<br \/><span class=\"c4\"><strong>\u2022<\/strong><\/span> Abdelhamid Largueche, Professeur d\u2019Histoire<br \/><span class=\"c4\"><strong>\u2022<\/strong><\/span> N\u00e9ji Baccouche, Professeur de droit. Ancien Doyen<br \/><span class=\"c4\"><strong>\u2022<\/strong><\/span> Kalthoum Mziou, Professeur de droit, Ancienne Doyenne<br \/><span class=\"c4\"><strong>\u2022<\/strong><\/span> Sophie Bessis, Historienne,\u00a0 Chercheuse associ\u00e9e \u00e0 l\u2019IRIS<br \/><span class=\"c4\"><strong>\u2022<\/strong><\/span> Dalenda Largueche, Professeur d\u2019Histoire \/ Etudes Genre<br \/><span class=\"c4\"><strong>\u2022<\/strong><\/span> Hassouna Mosbahi, Ecrivain<br \/><span class=\"c4\"><strong>\u2022<\/strong><\/span> Faouzia Charfi, Professeur de Physique<br \/><span class=\"c4\"><strong>\u2022<\/strong><\/span> Abdelaziz Kacem, Professeur de Lettres.<br \/><span class=\"c4\"><strong>\u2022<\/strong><\/span> Lotfi Aissa, Professeur d\u2019Histoire culturelle<br \/><span class=\"c4\"><strong>\u2022<\/strong><\/span> Maryam Ben Salem, Ma\u00eetre de conf\u00e9rences en science politique<br \/><span class=\"c4\"><strong>\u2022<\/strong><\/span> Sana Ben Achour, Professeure de droit<br \/><span class=\"c4\"><strong>\u2022<\/strong><\/span> Asma Nouira, Professeur de science politique<br \/><span class=\"c4\"><strong>\u2022<\/strong><\/span> Hafidha Chekir, Professeure de droit<br \/><span class=\"c4\"><strong>\u2022<\/strong><\/span> Nabila Hamza, Conseill\u00e8re municipale, membre du Bureau de l\u2019ATFD<br \/><span class=\"c4\"><strong>\u2022<\/strong><\/span> Abdelkarim Allagui, Professeur d\u2019Histoire<br \/><span class=\"c4\"><strong>\u2022<\/strong><\/span> Nabil Ben Azzouz, Professeur d\u2019Histoire<br \/><span class=\"c4\"><strong>\u2022<\/strong><\/span> Mounira Chapoutot-Remadi, Professeur d\u2019Histoire<br \/><span class=\"c4\"><strong>\u2022<\/strong><\/span> Mounir Khelifa, Professeur de Litt\u00e9rature anglaise<br \/><span class=\"c4\"><strong>\u2022<\/strong><\/span> Hafedh Chekir, D\u00e9mographe<br \/><span class=\"c4\"><strong>\u2022<\/strong><\/span> Mustapha Haddad, Ing\u00e9nieur conseil<br \/><span class=\"c4\"><strong>\u2022<\/strong><\/span> Ridha Ben amor, Sociologue<br \/>\u00a0<\/p>\n<p>Auteur:<br \/>\n<a href=\"https:\/\/www.leaders.com.tn\/article\/30782-tunisie-non-a-l-apologie-du-terrorisme\">Cliquez ici pour lire l&rsquo;article depuis sa source.<\/a><\/p>\n","protected":false},"excerpt":{"rendered":"<p>Nous, signataires de la pr\u00e9sente p\u00e9tition, D\u00e9non\u00e7ons vivement, et de la mani\u00e8re la plus ferme, les propos tenus par le d\u00e9put\u00e9 islamiste Rached Khiari, qui a justifi\u00e9 le meurtre pr\u00e9m\u00e9dit\u00e9 par d\u00e9capitation par un terroriste islamiste du professeur d\u2019Histoire Samuel Paty, en pleine rue, pr\u00e8s de son coll\u00e8ge, dans les Yvelines en France,o\u00f9 il enseignait, [&hellip;]<\/p>\n","protected":false},"author":1772,"featured_media":0,"comment_status":"closed","ping_status":"closed","sticky":false,"template":"","format":"standard","meta":{"fifu_image_url":"","fifu_image_alt":"","footnotes":""},"categories":[73,55],"tags":[],"class_list":["post-102605","post","type-post","status-publish","format-standard","hentry","category-actualite","category-tunisie"],"_links":{"self":[{"href":"https:\/\/linitiative.ca\/International\/wp-json\/wp\/v2\/posts\/102605","targetHints":{"allow":["GET"]}}],"collection":[{"href":"https:\/\/linitiative.ca\/International\/wp-json\/wp\/v2\/posts"}],"about":[{"href":"https:\/\/linitiative.ca\/International\/wp-json\/wp\/v2\/types\/post"}],"author":[{"embeddable":true,"href":"https:\/\/linitiative.ca\/International\/wp-json\/wp\/v2\/users\/1772"}],"replies":[{"embeddable":true,"href":"https:\/\/linitiative.ca\/International\/wp-json\/wp\/v2\/comments?post=102605"}],"version-history":[{"count":0,"href":"https:\/\/linitiative.ca\/International\/wp-json\/wp\/v2\/posts\/102605\/revisions"}],"wp:attachment":[{"href":"https:\/\/linitiative.ca\/International\/wp-json\/wp\/v2\/media?parent=102605"}],"wp:term":[{"taxonomy":"category","embeddable":true,"href":"https:\/\/linitiative.ca\/International\/wp-json\/wp\/v2\/categories?post=102605"},{"taxonomy":"post_tag","embeddable":true,"href":"https:\/\/linitiative.ca\/International\/wp-json\/wp\/v2\/tags?post=102605"}],"curies":[{"name":"wp","href":"https:\/\/api.w.org\/{rel}","templated":true}]}}