{"id":102606,"date":"2020-10-23T17:03:40","date_gmt":"2020-10-23T21:03:40","guid":{"rendered":"https:\/\/linitiative.ca\/International\/mohamed-gueddiche-un-humaniste-au-grand-coeur\/"},"modified":"2020-10-23T17:03:40","modified_gmt":"2020-10-23T21:03:40","slug":"mohamed-gueddiche-un-humaniste-au-grand-coeur","status":"publish","type":"post","link":"https:\/\/linitiative.ca\/International\/mohamed-gueddiche-un-humaniste-au-grand-coeur\/","title":{"rendered":"Mohamed Gueddiche: Un humaniste au grand c\u0153ur"},"content":{"rendered":"<p class=\"c4\"><span class=\"c3\"><span class=\"c2\"><em><strong>Par Dr Ridha Kechrid &#8211;<\/strong><\/em><\/span><\/span> <strong>C\u2019est avec tristesse que le monde de la sant\u00e9 a appris le d\u00e9c\u00e8s du Docteur Mohamed Gueddiche: professeur \u00e9m\u00e9rite, g\u00e9n\u00e9ral de Division, ministre-conseiller aupr\u00e8s du pr\u00e9sident de la R\u00e9publique, Zine Ben Ali, pr\u00e9sident honoraire de la Soci\u00e9t\u00e9 des sciences m\u00e9dicales et de la Soci\u00e9t\u00e9 tunisienne de cardiologie et de chirurgie cardio-vasculaire (Stcccv).<\/strong><\/p>\n<p>La Stcccv a connu ses ann\u00e9es fastes durant sa pr\u00e9sidence de 1992 \u00e0 1996. Il a par ailleurs fond\u00e9 la Maison du C\u0153ur. Il voulait, avec cette institution, d\u00e9velopper de nouvelles solutions en mati\u00e8re de pr\u00e9vention, de diagnostic et de traitement des maladies cardiovasculaires.<\/p>\n<p>Il a \u00e9t\u00e9 en outre vice-pr\u00e9sident de l\u2019Ordre des m\u00e9decins et pr\u00e9sident de l\u2019Association tunisienne de la promotion du don d\u2019organes qui a jou\u00e9 un r\u00f4le significatif dans l\u2019accroissement du nombre de greffes d\u2019organes.<\/p>\n<p>Son activit\u00e9 associative s\u2019est \u00e9tendue au secteur non m\u00e9dical : pr\u00e9sident du Comit\u00e9 national olympique et pr\u00e9sident de la f\u00e9d\u00e9ration d\u2019halt\u00e9rophilie.<\/p>\n<p>M\u00e9decin particulier du pr\u00e9sident Ben Ali, Dr Mohamed Gueddiche avait auparavant fait partie du staff m\u00e9dical du pr\u00e9sident Bourguiba qui a \u00e9t\u00e9 hospitalis\u00e9 dans son service.<\/p>\n<p>Il a \u00e9t\u00e9 le premier chef du service de cardiologie de l\u2019H\u00f4pital militaire de Tunis et l\u2019instigateur de plusieurs programmes de modernisation du service qui couvre actuellement toutes les sous- sp\u00e9cialit\u00e9s cardiologiques. Cette mise \u00e0 niveau s\u2019est \u00e9tendue au service de chirurgie cardiovasculaire qui a r\u00e9alis\u00e9 la premi\u00e8re transplantation cardiaque sous la houlette du Professeur Mohamed Fourati en 1993. Ce programme a \u00e9t\u00e9 poursuivi par le Professeur Habib Thameur.<\/p>\n<p>J\u2019ai eu le privil\u00e8ge d\u2019avoir c\u00f4toy\u00e9 le Professeur Mohamed Gueddiche depuis environ 40 ans, d\u2019abord en tant que jeune collaborateur (dans le cadre de mon service militaire) puis en tant que coll\u00e8gue et ami, nos chemins se sont crois\u00e9s \u00e0 plusieurs reprises.<\/p>\n<p>Tr\u00e8s appr\u00e9ci\u00e9 de ses coll\u00e8gues, tunisiens et \u00e9trangers, toujours \u00e0 l\u2019\u00e9coute, il a constamment mis \u00e0 la disposition des patients les innovations les plus r\u00e9centes dans son domaine.<\/p>\n<p>M\u00e9decin, humaniste au grand c\u0153ur, il a \u00e9t\u00e9 pour ses disciples le patron, le p\u00e8re : il guidait ses jeunes collaborateurs et les aidait \u00e0 tracer leur avenir professionnel.<\/p>\n<p>M\u00e9lomane, amateur de th\u00e9\u00e2tre, entretenant des amiti\u00e9s dans le milieu artistique, Si Mohamed se caract\u00e9risait par son caract\u00e8re jovial et son sens de l\u2019humour.<\/p>\n<p>Personne de bonne compagnie, il \u00e9tait fid\u00e8le \u00e0 ses amis, ses \u00e9l\u00e8ves et \u00e0 sa ville natale : il a \u00e9t\u00e9 pendant longtemps le pr\u00e9sident de l\u2019Association de sauvegarde de la M\u00e9dina de Hammamet.Repose en paix, cher Si Mohamed .<\/p>\n<p class=\"c5\"><strong>Mohamed Gueddiche<\/strong><\/p>\n<p class=\"c6\"><strong>Lire aussi<\/strong><\/p>\n<p class=\"c6\"><a href=\"https:\/\/www.leaders.com.tn\/article\/30769-dr-mohamed-gueddiche-chef-d-ecole-un-homme-d-une-remarquable-bonte\" target=\"_blank\" rel=\"noopener noreferrer\">Dr Mohamed Gueddiche: Chef d\u2019\u00e9cole, un homme d\u2019une remarquable bont\u00e9<\/a><\/p>\n<p class=\"c6\"><a href=\"https:\/\/www.leaders.com.tn\/article\/30457-deces-du-professeur-mohamed-gueddiche-medecin-personnel-de-ben-ali\" target=\"_blank\" rel=\"noopener noreferrer\">D\u00e9c\u00e8s du professeur Mohamed Gueddiche, m\u00e9decin personnel de Ben Ali<\/a><\/p>\n<p>Auteur:<br \/>\n<a href=\"https:\/\/www.leaders.com.tn\/article\/30783-mohamed-gueddiche-un-humaniste-au-grand-coeur\">Cliquez ici pour lire l&rsquo;article depuis sa source.<\/a><\/p>\n","protected":false},"excerpt":{"rendered":"<p>Par Dr Ridha Kechrid &#8211; C\u2019est avec tristesse que le monde de la sant\u00e9 a appris le d\u00e9c\u00e8s du Docteur Mohamed Gueddiche: professeur \u00e9m\u00e9rite, g\u00e9n\u00e9ral de Division, ministre-conseiller aupr\u00e8s du pr\u00e9sident de la R\u00e9publique, Zine Ben Ali, pr\u00e9sident honoraire de la Soci\u00e9t\u00e9 des sciences m\u00e9dicales et de la Soci\u00e9t\u00e9 tunisienne de cardiologie et de chirurgie [&hellip;]<\/p>\n","protected":false},"author":1772,"featured_media":0,"comment_status":"closed","ping_status":"closed","sticky":false,"template":"","format":"standard","meta":{"fifu_image_url":"","fifu_image_alt":"","footnotes":""},"categories":[73,55],"tags":[],"class_list":["post-102606","post","type-post","status-publish","format-standard","hentry","category-actualite","category-tunisie"],"_links":{"self":[{"href":"https:\/\/linitiative.ca\/International\/wp-json\/wp\/v2\/posts\/102606","targetHints":{"allow":["GET"]}}],"collection":[{"href":"https:\/\/linitiative.ca\/International\/wp-json\/wp\/v2\/posts"}],"about":[{"href":"https:\/\/linitiative.ca\/International\/wp-json\/wp\/v2\/types\/post"}],"author":[{"embeddable":true,"href":"https:\/\/linitiative.ca\/International\/wp-json\/wp\/v2\/users\/1772"}],"replies":[{"embeddable":true,"href":"https:\/\/linitiative.ca\/International\/wp-json\/wp\/v2\/comments?post=102606"}],"version-history":[{"count":0,"href":"https:\/\/linitiative.ca\/International\/wp-json\/wp\/v2\/posts\/102606\/revisions"}],"wp:attachment":[{"href":"https:\/\/linitiative.ca\/International\/wp-json\/wp\/v2\/media?parent=102606"}],"wp:term":[{"taxonomy":"category","embeddable":true,"href":"https:\/\/linitiative.ca\/International\/wp-json\/wp\/v2\/categories?post=102606"},{"taxonomy":"post_tag","embeddable":true,"href":"https:\/\/linitiative.ca\/International\/wp-json\/wp\/v2\/tags?post=102606"}],"curies":[{"name":"wp","href":"https:\/\/api.w.org\/{rel}","templated":true}]}}