{"id":102617,"date":"2020-10-22T18:39:42","date_gmt":"2020-10-22T22:39:42","guid":{"rendered":"https:\/\/linitiative.ca\/International\/cour-dappel-de-ouagadougou-jean-claude-bouda-en-liberte\/"},"modified":"2020-10-22T18:39:42","modified_gmt":"2020-10-22T22:39:42","slug":"cour-dappel-de-ouagadougou-jean-claude-bouda-en-liberte","status":"publish","type":"post","link":"https:\/\/linitiative.ca\/International\/cour-dappel-de-ouagadougou-jean-claude-bouda-en-liberte\/","title":{"rendered":"Cour d\u2019appel de Ouagadougou : Jean-Claude Bouda en libert\u00e9"},"content":{"rendered":"<div class=\"td-post-sharing-top td-post-sharing td-ps-bg td-ps-padding td-ps-bar td-post-sharing-style6\">\n<div class=\"td-post-sharing-visible\"><a class=\"td-social-sharing-button td-social-sharing-button-js td-social-network td-social-facebook\" href=\"https:\/\/www.facebook.com\/sharer.php?u=https%3A%2F%2Fwww.sidwaya.info%2Fblog%2F2020%2F10%2F22%2Fcour-dappel-de-ouagadougou-jean-claude-bouda-en-liberte%2F\"\/><\/p>\n<p>Facebook<\/p>\n<p><a class=\"td-social-sharing-button td-social-sharing-button-js td-social-network td-social-twitter\" href=\"https:\/\/twitter.com\/intent\/tweet?text=Cour+d%E2%80%99appel+de+Ouagadougou+%3A+Jean-Claude+Bouda+en+libert%C3%A9&amp;url=https%3A%2F%2Fwww.sidwaya.info%2Fblog%2F2020%2F10%2F22%2Fcour-dappel-de-ouagadougou-jean-claude-bouda-en-liberte%2F&amp;via=Quotidien+Sidwaya\"\/><\/p>\n<p>Twitter<\/p>\n<p><a class=\"td-social-sharing-button td-social-sharing-button-js td-social-network td-social-pinterest\" href=\"https:\/\/pinterest.com\/pin\/create\/button\/?url=https:\/\/www.sidwaya.info\/blog\/2020\/10\/22\/cour-dappel-de-ouagadougou-jean-claude-bouda-en-liberte\/&amp;media=https:\/\/www.sidwaya.info\/wp-content\/uploads\/2020\/10\/1-55.jpg&amp;description=Cour+d%E2%80%99appel+de+Ouagadougou+%3A+Jean-Claude+Bouda+en+libert%C3%A9\"\/><\/p>\n<p>Pinterest<\/p>\n<p><a class=\"td-social-sharing-button td-social-sharing-button-js td-social-network td-social-whatsapp\" href=\"whatsapp:\/\/send?text=Cour+d%E2%80%99appel+de+Ouagadougou+%3A+Jean-Claude+Bouda+en+libert%C3%A9%20%0A%0A%20https:\/\/www.sidwaya.info\/blog\/2020\/10\/22\/cour-dappel-de-ouagadougou-jean-claude-bouda-en-liberte\/\"\/><\/p>\n<p>WhatsApp<\/p>\n<p><a class=\"td-social-sharing-button td-social-sharing-button-js td-social-network td-social-linkedin\" href=\"https:\/\/www.linkedin.com\/shareArticle?mini=true&amp;url=https:\/\/www.sidwaya.info\/blog\/2020\/10\/22\/cour-dappel-de-ouagadougou-jean-claude-bouda-en-liberte\/&amp;title=Cour+d%E2%80%99appel+de+Ouagadougou+%3A+Jean-Claude+Bouda+en+libert%C3%A9\"\/><\/p>\n<p>Linkedin<\/p>\n<p><a class=\"td-social-sharing-button td-social-sharing-button-js td-social-network td-social-mail\" href=\"mailto:?subject=Cour%20d%E2%80%99appel%20de%20Ouagadougou%20:%20Jean-Claude%20Bouda%20en%20libert%C3%A9&amp;body=https:\/\/www.sidwaya.info\/blog\/2020\/10\/22\/cour-dappel-de-ouagadougou-jean-claude-bouda-en-liberte\/\"\/><\/p>\n<p>Email<\/p>\n<p><a class=\"td-social-sharing-button td-social-sharing-button-js td-social-network td-social-print\" href=\"#\"\/><\/p>\n<p>Print<\/p>\n<p><a class=\"td-social-sharing-button td-social-sharing-button-js td-social-network td-social-tumblr\" href=\"https:\/\/www.tumblr.com\/share\/link?url=https:\/\/www.sidwaya.info\/blog\/2020\/10\/22\/cour-dappel-de-ouagadougou-jean-claude-bouda-en-liberte\/&amp;name=Cour%20d%E2%80%99appel%20de%20Ouagadougou%20:%20Jean-Claude%20Bouda%20en%20libert%C3%A9\"\/><\/p>\n<p>Tumblr<\/p>\n<p><a class=\"td-social-sharing-button td-social-sharing-button-js td-social-network td-social-telegram\" href=\"https:\/\/telegram.me\/share\/url?url=https:\/\/www.sidwaya.info\/blog\/2020\/10\/22\/cour-dappel-de-ouagadougou-jean-claude-bouda-en-liberte\/&amp;text=Cour+d%E2%80%99appel+de+Ouagadougou+%3A+Jean-Claude+Bouda+en+libert%C3%A9\"\/><\/p>\n<p>Telegram<\/p>\n<p><a class=\"td-social-sharing-button td-social-sharing-button-js td-social-network td-social-viber\" href=\"viber:\/\/forward?text=Cour+d%E2%80%99appel+de+Ouagadougou+%3A+Jean-Claude+Bouda+en+libert%C3%A9%20https:\/\/www.sidwaya.info\/blog\/2020\/10\/22\/cour-dappel-de-ouagadougou-jean-claude-bouda-en-liberte\/\"\/><\/p>\n<p>Viber<\/p>\n<p><a class=\"td-social-sharing-button td-social-sharing-button-js td-social-network td-social-naver\" href=\"https:\/\/share.naver.com\/web\/shareView.nhn?url=https:\/\/www.sidwaya.info\/blog\/2020\/10\/22\/cour-dappel-de-ouagadougou-jean-claude-bouda-en-liberte\/&amp;title=Cour+d%E2%80%99appel+de+Ouagadougou+%3A+Jean-Claude+Bouda+en+libert%C3%A9\"\/><\/p>\n<p>Naver<\/p>\n<\/div>\n<\/div>\n<div class=\"td-post-content tagdiv-type\" readability=\"55\">\n<div class=\"td-post-featured-image\"><a href=\"https:\/\/www.sidwaya.info\/wp-content\/uploads\/2020\/10\/1-55.jpg\" data-caption=\"\"><img loading=\"lazy\" decoding=\"async\" width=\"595\" height=\"382\" class=\"entry-thumb td-modal-image\" src=\"https:\/\/www.sidwaya.info\/wp-content\/uploads\/2020\/10\/1-55.jpg\" srcset=\"https:\/\/www.sidwaya.info\/wp-content\/uploads\/2020\/10\/1-55.jpg 595w, https:\/\/www.sidwaya.info\/wp-content\/uploads\/2020\/10\/1-55-300x193.jpg 300w\" sizes=\"auto, (max-width: 595px) 100vw, 595px\" alt=\"\" title=\"1\"\/><\/a><\/div>\n<p><strong>La Chambre de l\u2019instruction de la Cour d\u2019appel de Ouagadougou a ordonn\u00e9, hier jeudi 22 octobre 2020, la mise en libert\u00e9 de l\u2019ex-ministre de la D\u00e9fense nationale et des Anciens combattants, Jean Claude Bouda, \u00e0 la suite d\u2019un appel que celui-ci avait fait.<\/strong><\/p>\n<p>En libert\u00e9 provisoire, depuis le lundi 28 septembre 2020, \u00ab pour raisons de sant\u00e9 \u00bb, l\u2019ancien ministre de la D\u00e9fense et des Anciens combattants, Jean Claude Bouda, b\u00e9n\u00e9ficie maintenant d\u2019une libert\u00e9 sur ordonnance de la Chambre de l\u2019instruction de la Cour d\u2019appel de Ouagadougou, rendue hier jeudi 22 octobre 2020. Jean-Claude avait \u00e9t\u00e9 d\u00e9pos\u00e9 \u00e0 la Maison d\u2019arr\u00eat et de correction de Ouagadougou (MACO), en mai 2020 \u00e0 la suite d\u2019une plainte du R\u00e9seau national de lutte anticorruption (REN-LAC) pour des infractions de faux et usage de faux en \u00e9criture priv\u00e9e, fausses d\u00e9clarations de patrimoine, d\u00e9lit d\u2019apparence, blanchiment de capitaux, en lien avec une villa cossue construite \u00e0 Manga, sa ville natale.<\/p>\n<p class=\"c1\"><strong>La R\u00e9daction<\/strong><\/p>\n<div class=\"td-a-rec td-a-rec-id-content_bottom tdi_30_c4c td_block_template_1\"><img loading=\"lazy\" decoding=\"async\" class=\"aligncenter size-full wp-image-27454\" src=\"https:\/\/www.sidwaya.info\/wp-content\/uploads\/2020\/10\/PUB-Bandeau-paiement-mobile-siteweb.jpg\" alt=\"\" width=\"728\" height=\"90\"\/><\/div>\n<\/div>\n<footer>\n<div class=\"td-post-sharing-bottom\">\n<p><iframe frameborder=\"0\" src=\"https:\/\/www.facebook.com\/plugins\/like.php?href=https:\/\/www.sidwaya.info\/blog\/2020\/10\/22\/cour-dappel-de-ouagadougou-jean-claude-bouda-en-liberte\/&amp;layout=button_count&amp;show_faces=false&amp;width=105&amp;action=like&amp;colorscheme=light&amp;height=21\" class=\"c2\">[embedded content]<\/iframe><\/p>\n<div id=\"td_social_sharing_article_bottom\" class=\"td-post-sharing td-ps-bg td-ps-padding td-post-sharing-style7\">\n<div class=\"td-post-sharing-visible\"><a class=\"td-social-sharing-button td-social-sharing-button-js td-social-network td-social-facebook\" href=\"https:\/\/www.facebook.com\/sharer.php?u=https%3A%2F%2Fwww.sidwaya.info%2Fblog%2F2020%2F10%2F22%2Fcour-dappel-de-ouagadougou-jean-claude-bouda-en-liberte%2F\"\/><\/p>\n<p>Facebook<\/p>\n<p><a class=\"td-social-sharing-button td-social-sharing-button-js td-social-network td-social-twitter\" href=\"https:\/\/twitter.com\/intent\/tweet?text=Cour+d%E2%80%99appel+de+Ouagadougou+%3A+Jean-Claude+Bouda+en+libert%C3%A9&amp;url=https%3A%2F%2Fwww.sidwaya.info%2Fblog%2F2020%2F10%2F22%2Fcour-dappel-de-ouagadougou-jean-claude-bouda-en-liberte%2F&amp;via=Quotidien+Sidwaya\"\/><\/p>\n<p>Twitter<\/p>\n<p><a class=\"td-social-sharing-button td-social-sharing-button-js td-social-network td-social-pinterest\" href=\"https:\/\/pinterest.com\/pin\/create\/button\/?url=https:\/\/www.sidwaya.info\/blog\/2020\/10\/22\/cour-dappel-de-ouagadougou-jean-claude-bouda-en-liberte\/&amp;media=https:\/\/www.sidwaya.info\/wp-content\/uploads\/2020\/10\/1-55.jpg&amp;description=Cour+d%E2%80%99appel+de+Ouagadougou+%3A+Jean-Claude+Bouda+en+libert%C3%A9\"\/><\/p>\n<p>Pinterest<\/p>\n<p><a class=\"td-social-sharing-button td-social-sharing-button-js td-social-network td-social-whatsapp\" href=\"whatsapp:\/\/send?text=Cour+d%E2%80%99appel+de+Ouagadougou+%3A+Jean-Claude+Bouda+en+libert%C3%A9%20%0A%0A%20https:\/\/www.sidwaya.info\/blog\/2020\/10\/22\/cour-dappel-de-ouagadougou-jean-claude-bouda-en-liberte\/\"\/><\/p>\n<p>WhatsApp<\/p>\n<p><a class=\"td-social-sharing-button td-social-sharing-button-js td-social-network td-social-linkedin\" href=\"https:\/\/www.linkedin.com\/shareArticle?mini=true&amp;url=https:\/\/www.sidwaya.info\/blog\/2020\/10\/22\/cour-dappel-de-ouagadougou-jean-claude-bouda-en-liberte\/&amp;title=Cour+d%E2%80%99appel+de+Ouagadougou+%3A+Jean-Claude+Bouda+en+libert%C3%A9\"\/><\/p>\n<p>Linkedin<\/p>\n<p><a class=\"td-social-sharing-button td-social-sharing-button-js td-social-network td-social-mail\" href=\"mailto:?subject=Cour%20d%E2%80%99appel%20de%20Ouagadougou%20:%20Jean-Claude%20Bouda%20en%20libert%C3%A9&amp;body=https:\/\/www.sidwaya.info\/blog\/2020\/10\/22\/cour-dappel-de-ouagadougou-jean-claude-bouda-en-liberte\/\"\/><\/p>\n<p>Email<\/p>\n<p><a class=\"td-social-sharing-button td-social-sharing-button-js td-social-network td-social-print\" href=\"#\"\/><\/p>\n<p>Print<\/p>\n<p><a class=\"td-social-sharing-button td-social-sharing-button-js td-social-network td-social-tumblr\" href=\"https:\/\/www.tumblr.com\/share\/link?url=https:\/\/www.sidwaya.info\/blog\/2020\/10\/22\/cour-dappel-de-ouagadougou-jean-claude-bouda-en-liberte\/&amp;name=Cour%20d%E2%80%99appel%20de%20Ouagadougou%20:%20Jean-Claude%20Bouda%20en%20libert%C3%A9\"\/><\/p>\n<p>Tumblr<\/p>\n<p><a class=\"td-social-sharing-button td-social-sharing-button-js td-social-network td-social-telegram\" href=\"https:\/\/telegram.me\/share\/url?url=https:\/\/www.sidwaya.info\/blog\/2020\/10\/22\/cour-dappel-de-ouagadougou-jean-claude-bouda-en-liberte\/&amp;text=Cour+d%E2%80%99appel+de+Ouagadougou+%3A+Jean-Claude+Bouda+en+libert%C3%A9\"\/><\/p>\n<p>Telegram<\/p>\n<p><a class=\"td-social-sharing-button td-social-sharing-button-js td-social-network td-social-viber\" href=\"viber:\/\/forward?text=Cour+d%E2%80%99appel+de+Ouagadougou+%3A+Jean-Claude+Bouda+en+libert%C3%A9%20https:\/\/www.sidwaya.info\/blog\/2020\/10\/22\/cour-dappel-de-ouagadougou-jean-claude-bouda-en-liberte\/\"\/><\/p>\n<p>Viber<\/p>\n<p><a class=\"td-social-sharing-button td-social-sharing-button-js td-social-network td-social-naver\" href=\"https:\/\/share.naver.com\/web\/shareView.nhn?url=https:\/\/www.sidwaya.info\/blog\/2020\/10\/22\/cour-dappel-de-ouagadougou-jean-claude-bouda-en-liberte\/&amp;title=Cour+d%E2%80%99appel+de+Ouagadougou+%3A+Jean-Claude+Bouda+en+libert%C3%A9\"\/><\/p>\n<p>Naver<\/p>\n<\/div>\n<\/div>\n<\/div>\n<div class=\"td-block-row td-post-next-prev\">\n<div class=\"td-block-span6 td-post-prev-post td-post-next-prev-content\"><span>Article pr\u00e9c\u00e9dent<\/span><a href=\"https:\/\/www.sidwaya.info\/blog\/2020\/10\/22\/sourire-du-23-10-2020\/\">Sourire du 23-10-2020<\/a><\/div>\n<div class=\"td-block-span6 td-post-next-post td-post-next-prev-content\"><span>Article suivant<\/span><a href=\"https:\/\/www.sidwaya.info\/blog\/2020\/10\/22\/rentree-scolaire-2020-2021-la-carfo-redonne-espoir-a-750-orphelins\/\">Rentr\u00e9e scolaire 2020-2021 : la CARFO redonne espoir \u00e0 750 orphelins<\/a><\/div>\n<\/div>\n<\/footer>\n<p>Auteur: BM. Sidwaya<br \/>\n<a href=\"https:\/\/www.sidwaya.info\/blog\/2020\/10\/22\/cour-dappel-de-ouagadougou-jean-claude-bouda-en-liberte\/\">Cliquez ici pour lire l&rsquo;article depuis sa source.<\/a><\/p>\n","protected":false},"excerpt":{"rendered":"<p>Facebook Twitter Pinterest WhatsApp Linkedin Email Print Tumblr Telegram Viber Naver La Chambre de l\u2019instruction de la Cour d\u2019appel de Ouagadougou a ordonn\u00e9, hier jeudi 22 octobre 2020, la mise en libert\u00e9 de l\u2019ex-ministre de la D\u00e9fense nationale et des Anciens combattants, Jean Claude Bouda, \u00e0 la suite d\u2019un appel que celui-ci avait fait. En [&hellip;]<\/p>\n","protected":false},"author":1816,"featured_media":102618,"comment_status":"closed","ping_status":"closed","sticky":false,"template":"","format":"standard","meta":{"fifu_image_url":"","fifu_image_alt":"","footnotes":""},"categories":[73,81],"tags":[],"class_list":["post-102617","post","type-post","status-publish","format-standard","has-post-thumbnail","hentry","category-actualite","category-burkina-faso"],"_links":{"self":[{"href":"https:\/\/linitiative.ca\/International\/wp-json\/wp\/v2\/posts\/102617","targetHints":{"allow":["GET"]}}],"collection":[{"href":"https:\/\/linitiative.ca\/International\/wp-json\/wp\/v2\/posts"}],"about":[{"href":"https:\/\/linitiative.ca\/International\/wp-json\/wp\/v2\/types\/post"}],"author":[{"embeddable":true,"href":"https:\/\/linitiative.ca\/International\/wp-json\/wp\/v2\/users\/1816"}],"replies":[{"embeddable":true,"href":"https:\/\/linitiative.ca\/International\/wp-json\/wp\/v2\/comments?post=102617"}],"version-history":[{"count":0,"href":"https:\/\/linitiative.ca\/International\/wp-json\/wp\/v2\/posts\/102617\/revisions"}],"wp:featuredmedia":[{"embeddable":true,"href":"https:\/\/linitiative.ca\/International\/wp-json\/"}],"wp:attachment":[{"href":"https:\/\/linitiative.ca\/International\/wp-json\/wp\/v2\/media?parent=102617"}],"wp:term":[{"taxonomy":"category","embeddable":true,"href":"https:\/\/linitiative.ca\/International\/wp-json\/wp\/v2\/categories?post=102617"},{"taxonomy":"post_tag","embeddable":true,"href":"https:\/\/linitiative.ca\/International\/wp-json\/wp\/v2\/tags?post=102617"}],"curies":[{"name":"wp","href":"https:\/\/api.w.org\/{rel}","templated":true}]}}