{"id":102621,"date":"2020-10-22T18:51:03","date_gmt":"2020-10-22T22:51:03","guid":{"rendered":"https:\/\/linitiative.ca\/International\/vive-la-revolution-a-bas-la-revolution\/"},"modified":"2020-10-22T18:51:03","modified_gmt":"2020-10-22T22:51:03","slug":"vive-la-revolution-a-bas-la-revolution","status":"publish","type":"post","link":"https:\/\/linitiative.ca\/International\/vive-la-revolution-a-bas-la-revolution\/","title":{"rendered":"Vive la R\u00e9volution !  A bas la R\u00e9volution !"},"content":{"rendered":"<div class=\"td-post-featured-image\"><a href=\"https:\/\/www.sidwaya.info\/wp-content\/uploads\/2020\/10\/Chronique-1.jpg\" data-caption=\"\"><img loading=\"lazy\" decoding=\"async\" width=\"696\" height=\"464\" class=\"entry-thumb td-modal-image\" src=\"https:\/\/www.sidwaya.info\/wp-content\/uploads\/2020\/10\/Chronique-1-696x464.jpg\" srcset=\"https:\/\/www.sidwaya.info\/wp-content\/uploads\/2020\/10\/Chronique-1-696x464.jpg 696w, https:\/\/www.sidwaya.info\/wp-content\/uploads\/2020\/10\/Chronique-1-300x200.jpg 300w, https:\/\/www.sidwaya.info\/wp-content\/uploads\/2020\/10\/Chronique-1-630x420.jpg 630w, https:\/\/www.sidwaya.info\/wp-content\/uploads\/2020\/10\/Chronique-1.jpg 738w\" sizes=\"auto, (max-width: 696px) 100vw, 696px\" alt=\"\" title=\"Chronique\"\/><\/a><\/div>\n<p>Quand j\u2019\u00e9tais encore jeune, je pensais que le destin d\u2019un homme se trouvait dans le creux de ses mains, au bout de ses poings. Je r\u00eavais les poings ferm\u00e9s. Avant, il \u00e9tait vain de se pr\u00e9valoir d\u2019\u00eatre un vrai homme quand on \u00e9tait incapable de former un bon poing. Cela peut para\u00eetre rigolo et m\u00eame banal, mais aujourd\u2019hui, tr\u00e8s peu de Burkinab\u00e8 savent former un poing, le bon poing. Ceux qui savaient bien le faire ont tous pass\u00e9 l\u2019arme \u00e0 gauche. M\u00eame l\u2019Homme au poing lev\u00e9 a fini comme un \u00ab vulgaire \u00bb passant. Il est mort le poing ferm\u00e9. Aujourd\u2019hui, on le cherche avec des torches en plein jour, mais c\u2019est trop tard ! On remue ciel et terre ; on exhume avec d\u00e9licatesse ce qu\u2019on avait enfoui avec hargne \u00e0 moins d\u2019un m\u00e8tre de profondeur. Aujourd\u2019hui, on creuse et on b\u00eache presqu\u2019\u00e0 l\u2019infini ; on pousse l\u2019outrecuidance jusqu\u2019au c\u0153ur de l\u2019ADN ; m\u00eame les chromosomes ne sont pas plus inform\u00e9s. On ne tue pas un h\u00e9ros deux fois ! Mais gardons les poings ferm\u00e9s et regardons la v\u00e9rit\u00e9 en face.<\/p>\n<p>Depuis que ceux qui nous ont appris \u00e0 former le poing se sont donn\u00e9 des coups de poings, nous n\u2019osons plus montrer le poing. Personne ne peut taper du poing sur la table. Notre poing ne p\u00e8se m\u00eame plus un gramme. Le r\u00e9volutionnaire d\u2019hier est devenu un mercenaire. Pire, il s\u2019est rendu pieds et poings li\u00e9s. Sa dignit\u00e9 n\u2019est plus que du papier m\u00e2ch\u00e9, sa fiert\u00e9 se conjugue au pass\u00e9. Certains ont vite troqu\u00e9 le poing avec des points ; les points qui procurent du foin, le beurre et l\u2019argent du beurre. C\u2019est pourquoi, quand ils disent \u00ab la patrie ou la mort \u00bb, comprenez plut\u00f4t \u00ab la patrie ou mon or ! \u00bb Les rescap\u00e9s aux pieds bots se sont vite reconvertis pour souper \u00e0 la table du \u00ab diable \u00bb ou de \u00ab l\u2019affable agneau \u00bb. Ils ont broy\u00e9 leur propre poing pour se goinfrer avec la main gauche. Apr\u00e8s le passage de l\u2019\u00e9toile filante, tous les autres ph\u00e9nom\u00e8nes c\u00e9lestes n\u2019\u00e9taient que des OVNI sans nids. Pour paraphraser le Messie : \u00ab d\u2019autres viendront apr\u00e8s moi, pour poursuivre mon \u0153uvre et mon combat ; mais ce seront des affabulateurs, des p\u00eacheurs en eau trouble ! \u00bb. Jusqu\u2019\u00e0 nos jours, trop de faux proph\u00e8tes se sont proclam\u00e9s ; ils ont \u00e9t\u00e9 mal acclam\u00e9s, parce qu\u2019ils ont tous mal d\u00e9clam\u00e9s l\u2019\u00e9vangile. Leur sermon a manqu\u00e9 de serment. Ils ont tous flott\u00e9 dans la tunique du h\u00e9ros.<br \/>Il ne suffit donc plus de lever le poing en l\u2019air dans le vide pour \u00eatre cru. Il ne suffit plus de lancer les slogans les plus bandants pour \u00eatre craquant. A l\u2019\u00e9preuve du temps, l\u2019histoire a r\u00e9v\u00e9l\u00e9 le bon et l\u2019ivraie. On ne mange plus dans la R\u00e9volution, la R\u00e9volution ne nourrit plus le \u00ab r\u00e9volutionnaire \u00bb.<\/p>\n<p>M\u00eame notre devise ressemble \u00e0 une formule mal viss\u00e9e qui s\u2019improvise. Lisez-l\u00e0 et dites si elle est fid\u00e8le \u00e0 elle-m\u00eame ; si elle nous ressemble encore et vraiment. Il faut parfois s\u2019aventurer \u00e0 chanter l\u2019hymne national pour se rendre compte qu\u2019on s\u2019est plant\u00e9. Justement, qui d\u2019entre nous sait bien chanter notre hymne national, le Dytani\u00e8 ? Combien ont d\u00e9j\u00e0 essay\u00e9 de comprendre sa substance ? Combien peuvent l\u2019entonner sans tr\u00e9bucher entre le ton et le rythme ? Cela fait honte de voir que m\u00eame au sommet de la tour de Babel, l\u2019hymne de la Victoire sonne parfois le glas du patriotisme de fa\u00e7ade. Il ne suffit pas de d\u00e9cr\u00e9ter la mont\u00e9e et la descente des couleurs pour en faire un r\u00e9flexe r\u00e9publicain et patriotique. Un r\u00e9flexe ne se d\u00e9cr\u00e8te pas ; soit il est en nous, soit il nous a quitt\u00e9. Depuis qu\u2019on a lanc\u00e9 en grande pompe la fameuse mont\u00e9e des couleurs, combien perp\u00e9tuent la tradition ? Quand vous regardez le drapeau national, parfois vous voyez un banal tissu d\u00e9lav\u00e9 en lambeaux ; fouett\u00e9 au gr\u00e9 du vent et de la pluie.<br \/>De m\u00e9moire d\u2019enfant, j\u2019ai vu le directeur de l\u2019\u00e9cole courir descendre lui-m\u00eame le drapeau, avant qu\u2019une goutte de pluie ne le profane. J\u2019ai vu des gens s\u2019arr\u00eater net, surpris par la mont\u00e9e d\u2019un symbole plus fort que tout. J\u2019ai vu des gens garder leur position comme des robots, juste pour honorer le drapeau. Ce m\u00eame drapeau ! Quand on avait le privil\u00e8ge d\u2019\u00eatre au pied du m\u00e2t, on se sentait au service d\u2019un dieu. Quand on tenait le drapeau, on le tenait avec une discipline qui frisait l\u2019idol\u00e2trie.<br \/>Aujourd\u2019hui, on monte le drapeau sans plus jamais le descendre. Parfois c\u2019est \u00e0 la radio qu\u2019un citoyen indign\u00e9 se plaint pour que le \u00ab pauvre oubli\u00e9 \u00bb soit remplac\u00e9. Mais entre nous, combien co\u00fbte un drapeau national ?<\/p>\n<p>Qu\u2019est-ce que cela co\u00fbte-t-il de le monter le matin et de le descendre le soir ? Combien de services publics dans notre administration ont un drapeau sain et sauf ? Avec tous ces \u00e9cueils, ils parlent de civisme. Quand en comp\u00e9tition internationale, un Burkinab\u00e8 est oblig\u00e9 de \u00ab qu\u00e9mander \u00bb vainement un kimono plus conventionnel que le sien pour entrer dans l\u2019ar\u00e8ne et d\u00e9fendre les couleurs \u00ab tachet\u00e9es \u00bb de son pays, \u00e0 qui profite le patriotisme manqu\u00e9 ? Avec tous ces r\u00e9volutionnaires convaincus, le pays des Hommes int\u00e8gres ressemble \u00e0 un vaste champ de bl\u00e9 apr\u00e8s l\u2019orage. On navigue \u00e0 vue, on tend le cou, mais malheureusement le tunnel n\u2019a m\u00eame pas de bout. Le vrai r\u00e9volutionnaire, ce n\u2019est pas forc\u00e9ment celui qui porte une arme \u00e0 feu. Ce n\u2019est pas toujours celui qui l\u00e8ve le poing faible en l\u2019air. La vraie R\u00e9volution se trame dans la t\u00eate et dans le c\u0153ur. Mais h\u00e9las ! Vive la R\u00e9volution ! A bas la R\u00e9volution !<\/p>\n<p class=\"c1\"><strong>Cl\u00e9ment ZONGO<\/strong><br \/><strong>clmentzongo@yahoo.fr<\/strong><\/p>\n<div class=\"td-a-rec td-a-rec-id-content_bottom tdi_30_385 td_block_template_1\"><img loading=\"lazy\" decoding=\"async\" class=\"aligncenter size-full wp-image-27454\" src=\"https:\/\/www.sidwaya.info\/wp-content\/uploads\/2020\/10\/PUB-Bandeau-paiement-mobile-siteweb.jpg\" alt=\"\" width=\"728\" height=\"90\"\/><\/div>\n<p>Auteur: BM. Sidwaya<br \/>\n<a href=\"https:\/\/www.sidwaya.info\/blog\/2020\/10\/22\/vive-la-revolution-a-bas-la-revolution\/\">Cliquez ici pour lire l&rsquo;article depuis sa source.<\/a><\/p>\n","protected":false},"excerpt":{"rendered":"<p>Quand j\u2019\u00e9tais encore jeune, je pensais que le destin d\u2019un homme se trouvait dans le creux de ses mains, au bout de ses poings. Je r\u00eavais les poings ferm\u00e9s. Avant, il \u00e9tait vain de se pr\u00e9valoir d\u2019\u00eatre un vrai homme quand on \u00e9tait incapable de former un bon poing. Cela peut para\u00eetre rigolo et m\u00eame [&hellip;]<\/p>\n","protected":false},"author":1816,"featured_media":102622,"comment_status":"closed","ping_status":"closed","sticky":false,"template":"","format":"standard","meta":{"fifu_image_url":"","fifu_image_alt":"","footnotes":""},"categories":[73,81],"tags":[],"class_list":["post-102621","post","type-post","status-publish","format-standard","has-post-thumbnail","hentry","category-actualite","category-burkina-faso"],"_links":{"self":[{"href":"https:\/\/linitiative.ca\/International\/wp-json\/wp\/v2\/posts\/102621","targetHints":{"allow":["GET"]}}],"collection":[{"href":"https:\/\/linitiative.ca\/International\/wp-json\/wp\/v2\/posts"}],"about":[{"href":"https:\/\/linitiative.ca\/International\/wp-json\/wp\/v2\/types\/post"}],"author":[{"embeddable":true,"href":"https:\/\/linitiative.ca\/International\/wp-json\/wp\/v2\/users\/1816"}],"replies":[{"embeddable":true,"href":"https:\/\/linitiative.ca\/International\/wp-json\/wp\/v2\/comments?post=102621"}],"version-history":[{"count":0,"href":"https:\/\/linitiative.ca\/International\/wp-json\/wp\/v2\/posts\/102621\/revisions"}],"wp:featuredmedia":[{"embeddable":true,"href":"https:\/\/linitiative.ca\/International\/wp-json\/"}],"wp:attachment":[{"href":"https:\/\/linitiative.ca\/International\/wp-json\/wp\/v2\/media?parent=102621"}],"wp:term":[{"taxonomy":"category","embeddable":true,"href":"https:\/\/linitiative.ca\/International\/wp-json\/wp\/v2\/categories?post=102621"},{"taxonomy":"post_tag","embeddable":true,"href":"https:\/\/linitiative.ca\/International\/wp-json\/wp\/v2\/tags?post=102621"}],"curies":[{"name":"wp","href":"https:\/\/api.w.org\/{rel}","templated":true}]}}