{"id":102623,"date":"2020-10-22T19:50:24","date_gmt":"2020-10-22T23:50:24","guid":{"rendered":"https:\/\/linitiative.ca\/International\/election-presidentielle-2020-13-candidats-pour-un-fauteuil\/"},"modified":"2020-10-22T19:50:24","modified_gmt":"2020-10-22T23:50:24","slug":"election-presidentielle-2020-13-candidats-pour-un-fauteuil","status":"publish","type":"post","link":"https:\/\/linitiative.ca\/International\/election-presidentielle-2020-13-candidats-pour-un-fauteuil\/","title":{"rendered":"Election pr\u00e9sidentielle 2020  : 13 candidats pour un fauteuil"},"content":{"rendered":"<div class=\"td-post-featured-image\"><a href=\"https:\/\/www.sidwaya.info\/wp-content\/uploads\/2020\/10\/1-57.jpg\" data-caption=\"\"><img loading=\"lazy\" decoding=\"async\" width=\"696\" height=\"364\" class=\"entry-thumb td-modal-image\" src=\"https:\/\/www.sidwaya.info\/wp-content\/uploads\/2020\/10\/1-57-696x364.jpg\" srcset=\"https:\/\/www.sidwaya.info\/wp-content\/uploads\/2020\/10\/1-57-696x364.jpg 696w, https:\/\/www.sidwaya.info\/wp-content\/uploads\/2020\/10\/1-57-300x157.jpg 300w, https:\/\/www.sidwaya.info\/wp-content\/uploads\/2020\/10\/1-57-768x401.jpg 768w, https:\/\/www.sidwaya.info\/wp-content\/uploads\/2020\/10\/1-57.jpg 777w\" sizes=\"auto, (max-width: 696px) 100vw, 696px\" alt=\"\" title=\"UNE du 18_8_2011.qxd\"\/><\/a><\/div>\n<p><strong>Le Conseil constitutionnel a rendu public, le jeudi 22 octobre 2020, la liste d\u00e9finitive des candidats \u00e0 l\u2019\u00e9lection pr\u00e9sidentielle de novembre 2020. Sur les 14 pr\u00e9tendants au fauteuil pr\u00e9sentiel, seul Harouna Kindo du Mouvement des intellectuels pour le d\u00e9veloppement a \u00e9t\u00e9 \u00ab recal\u00e9 \u00bb. Focus sur les forces en pr\u00e9sence !<\/strong><\/p>\n<p>Contrairement \u00e0 2015 (10 candidats), l\u2019\u00e9lection pr\u00e9sidentielle de 2020 met en lice 13 candidats qui croient dur comme fer chacun, que le moment est venu pour eux de changer la vie des Burkinab\u00e8. De ceux-l\u00e0, est Tahirou Barry. Candidat malheureux de 2015, M. Barry, 45 ans, porte le flambeau du Mouvement pour le changement et la renaissance (MCR) cr\u00e9\u00e9 en 2019 par ses camarades, apr\u00e8s lui-m\u00eame sa d\u00e9mission bruyante du PAREN de son mentor, Laurent Bado. \u00ab La vision de mon parti est de \u00abReconstruire un Etat puissant qui se fonde sur ses valeurs fondatrices et ses capacit\u00e9s intrins\u00e8ques pour prosp\u00e9rer et faire rena\u00eetre un Burkina nouveau, int\u00e8gre, digne et travailleur \u00bb.<br \/>Pour occuper le fauteuil pr\u00e9sidentiel, Tahirou Barry doit affronter des challengers et pas des moindres comme le candidat de l\u2019Union pour le progr\u00e8s et le changement (UPC), Z\u00e9phirin Diabr\u00e9. Lui aussi candidat malheureux en 2015 (2e apr\u00e8s l\u2019actuel pr\u00e9sident Roch Marc Christian Kabor\u00e9), cet ancien ministre, ex-pr\u00e9sident du Conseil \u00e9conomique et social et ancien haut-fonctionnaire international (PNUD et AREVA), sp\u00e9cialiste des affaires \u00e9conomiques de 61 ans, met en avant cet exp\u00e9rience pour attirer \u00e0 lui la sympathie des Burkinab\u00e8. Z\u00e9phirin Diabr\u00e9 est l\u2019actuel Chef de file de l\u2019opposition politique (CFOP) apr\u00e8s que son parti ait eu 33 d\u00e9put\u00e9s lors des \u00e9lections l\u00e9gislatives de 2015.<\/p>\n<p>Convaincu que la \u00ab vieille \u00bb classe politique a montr\u00e9 ses limites dans la qu\u00eate du bien-\u00eatre des Burkinab\u00e8, un jeune, avocat de profession s\u2019est invit\u00e9 sur le terrain politique, depuis quelques ann\u00e9es. Candidat de l\u2019Organisation des peuples africains-Burkina Faso (OPA-BF), parti qu\u2019il a cr\u00e9\u00e9 en 2018, S\u00e9gui Ambroise Farama, se pr\u00e9sente comme celui qui donnera au pays des Hommes int\u00e8gres, le visage qu\u2019il m\u00e9rite, s\u2019il acc\u00e9dait \u00e0 Kosyam. Ex porte-parole de l\u2019Union pour la renaissance, parti sankariste (UNIR\/PS), Me Farama compte s\u2019attaquer au syst\u00e8me, au n\u00e9ocolonialisme et \u00e0 la domination de son pays et de l\u2019Afrique.<br \/>Parmi les candidats en lice, l\u2019un d\u2019entre eux occupe d\u00e9j\u00e0 le Palais de Kosyam. Roch Christian Marc Kabor\u00e9. Celui-ci met donc son fauteuil en jeu apr\u00e8s cinq ans de gestion du pouvoir d\u2019Etat.<\/p>\n<p>Le parti de ce premier pr\u00e9sident post-insurrectionnel, le Mouvement du peuple pour le progr\u00e8s (MPP) s\u2019organise ainsi, avec plus de 70 autres de la Majorit\u00e9 pr\u00e9sidentielle (APMP) pour lui assurer un \u00ab Coup KO \u00bb comme en 2015. M\u00eame la mise en \u0153uvre de son programme (le PNDES) a \u00e9t\u00e9 accident\u00e9e par des attaques terroristes et la fronde sociale durant tout le mandat, ce banquier de profession, ancien Premier ministre et ex-pr\u00e9sident de l\u2019Assembl\u00e9e nationale table sur des \u00ab acquis ind\u00e9niables \u00bb qu\u2019il compte d\u00e9fendre.<br \/>Seule femme candidate \u00e0 l\u2019\u00e9lection pr\u00e9sidentielle, Y\u00e9li Monique Kam, \u00ab la Yennega de l\u2019\u00e9ducation \u00bb, porte-\u00e9tendard du Mouvement pour la renaissance du Burkina (MRB), cr\u00e9\u00e9 depuis 2012. Le MRB, a-t-elle signifi\u00e9, s\u2019est donn\u00e9 pour mission, la renaissance du Burkina Faso de ses cendres. N\u00e9e en 1973 \u00e0 Bobo-Dioulasso, cette cheffe d\u2019une entreprise de courtage d\u2019assurances, est convaincue que \u00ab le sursaut national ne peut se r\u00e9aliser que par l\u2019\u00e9ducation du peuple \u00bb.<\/p>\n<p>Elle compte sur la pertinence de son offre politique centr\u00e9e sur l\u2019\u00e9ducation de qualit\u00e9 et sa volont\u00e9 pour \u00eatre la premi\u00e8re pr\u00e9sidente du Faso.<br \/>Un autre pr\u00e9tendant, Wend-Venem Eddie Constance Hyacinthe Kombo\u00efgo, est dans les starting-blocks de la pr\u00e9sidentielle.<\/p>\n<p>N\u00e9 le 11 septembre 1964 \u00e0 Ouagadougou, cet expert-comptable, homme d\u2019affaires aguerri, est le pr\u00e9sident actuel du Congr\u00e8s pour la d\u00e9mocratie et le progr\u00e8s (CDP). Ancien d\u00e9put\u00e9 pour le compte de la province du Passor\u00e9 (2012), il passera deux ann\u00e9es en tant qu\u2019\u00e9lu national jusqu\u2019\u00e0 l\u2019insurrection populaire des 30 et 31 octobre 2014. Candidat \u00e0 la pr\u00e9sidentielle du 22 novembre 2015, une modification de la loi \u00e9lectorale va le frapper d\u2019in\u00e9ligibilit\u00e9. Incarc\u00e9r\u00e9 en 2016 parce qu\u2019accus\u00e9 d\u2019avoir soutenu le coup d\u2019Etat de 2015, il a \u00e9t\u00e9 acquitt\u00e9 en 2017. S\u2019il est \u00e9lu pr\u00e9sident du Faso, il compte faire de la recherche de la paix, un des axes majeurs de son programme politique en passant par la r\u00e9conciliation nationale et le retour des \u00abexil\u00e9s \u00bb politiques.<\/p>\n<p>Candidat malheureux \u00e0 , Ablass\u00e9 Ou\u00e9draogo \u00e9tait arriv\u00e9 en 5e position avec 1,94% des voix. Actuellement \u00e2g\u00e9 de 67 ans, il porte encore les couleurs de son parti, Le Faso autrement. Economiste, diplomate, ancien fonctionnaire international (PNUD, OMC, UA) et homme politique burkinab\u00e8, M. Ou\u00e9draogo fut ministre des Affaires Etrang\u00e8res puis Conseiller Sp\u00e9cial du Pr\u00e9sident du Faso, Blaise Compaor\u00e9. Le candidat dit baser son programme autour de cinq points prioritaires.<\/p>\n<p>Il s\u2019agit de la \u00ab r\u00e9conciliation nationale, la paix et la s\u00e9curit\u00e9, la relance \u00e9conomique et d\u00e9veloppement durable, les r\u00e9formes institutionnelles et administratives et le rayonnement international \u00bb. Elu pr\u00e9sident du Faso, Ablass\u00e9 Ou\u00e9draogo, s\u2019engage \u00ab \u00e0 mettre toute son exp\u00e9rience et ses comp\u00e9tences au service de la nation\u00bb.<\/p>\n<p>Gilbert No\u00ebl de Bonne Esp\u00e9rance Goulewindin Ou\u00e9draogo est le candidat investi de l\u2019ADF\/RDA, ancien parti unique au pouvoir qui n\u2019avait plus pr\u00e9sent\u00e9 de candidat \u00e0 une \u00e9lection pr\u00e9sidentielle depuis le retour du Burkina \u00e0 l\u2019\u00e8re d\u00e9mocratique dans les ann\u00e9es 90. Plusieurs fois ministre, cet avocat de formation avait notamment appel\u00e9 en octobre 2014 les d\u00e9put\u00e9s de son parti \u00e0 voter pour la modification de l\u2019article 37 de la Constitution, qui devait permettre \u00e0 Blaise Compaor\u00e9 de se maintenir au pouvoir. Ayant tent\u00e9 de se pr\u00e9senter \u00e0 la pr\u00e9sidentielle de 2015, sa candidature avait \u00e9t\u00e9 rejet\u00e9e en vertu d\u2019une loi excluant les proches de Compaor\u00e9 ayant soutenu la modification de la constitution.<br \/>Ex-Premier ministre et ancien pr\u00e9sident de la Commission de l\u2019UEMOA, Kadr\u00e9 D\u00e9sir\u00e9 Ou\u00e9draogo compte aussi investir Kosyam au soir du 22 novembre 2020. Candidat du Mouvement \u00ab Agir ensemble \u00bb, il estime que \u00ab le Burkina Faso est aujourd\u2019hui m\u00e9connaissable : l\u2019ins\u00e9curit\u00e9 est persistante, la corruption galopante et l\u2019in\u00e9galit\u00e9 flagrante entre Burkinab\u00e9 \u00bb. Conscient de l\u2019immensit\u00e9 des t\u00e2ches \u00e0 accomplir, Kadr\u00e9 D\u00e9sir\u00e9 Ou\u00e9draogo s\u2019est engag\u00e9 \u00e0 \u0153uvrer pour la coh\u00e9sion nationale en faisant taire les querelles secondaires et les vieux ressentiments. Pour ce qui concerne la question de la paix et de la s\u00e9curit\u00e9, il envisage de changer radicalement de strat\u00e9gie en am\u00e9liorant le dispositif militaire et la mise en place d\u2019un dispositif administratif et social dont le but sera de travailler \u00e0 la r\u00e9conciliation.<\/p>\n<p>Journaliste \u00e0 la retraite, D\u00f4 Pascal Sessouma, a aussi d\u00e9cid\u00e9 avec son parti, Vision Burkina-Parti pacifiste, de briguer la magistrature supr\u00eame le 22 novembre 2020 afin de sauver le pays de l\u2019hydre terroriste. N\u00e9 en 1957 \u00e0 N\u2019Dorola, dans le K\u00e9n\u00e9dougou, il promet de n\u00e9gocier la paix pour le Burkina avant de le d\u00e9militariser, s\u2019il est \u00e9lu. Ce travail, il compte le boucler en 18 mois, avant d\u2019organiser des r\u00e9f\u00e9rendums pour demander la suppression de l\u2019arm\u00e9e qu\u2019il trouve budg\u00e9tivore et d\u00e9dommager des militaires d\u00e9sirant quitter l\u2019uniforme pour embrasser l\u2019entrepreneuriat.<\/p>\n<p>Constitutionnaliste, le Pr Abdoulaye Soma d\u00e9fend les couleurs du Mouvement Soleil d\u2019avenir \u00e0 cette \u00e9lection pr\u00e9sidentielle. Se d\u00e9finissant comme un homme politique \u00ab vrai \u00bb, le Pr Soma propose de rechercher la paix et la r\u00e9conciliation, \u00ab seules cl\u00e9s de d\u00e9blocage du Burkina Faso\u00bb. Pour cela, il faut une nouvelle g\u00e9n\u00e9ration de leaders, d\u2019hommes politiques et qui n\u2019auront aucune difficult\u00e9 \u00e0 rentrer en contact avec leurs adversaires politiques.<br \/>Le candidat propose \u00e9galement une formule \u00ab magique\u00bb dans la composition de tous les organes principaux de gouvernance du Burkina Faso : gouvernement, Assembl\u00e9e nationale, conseils r\u00e9gionaux et municipaux, conseils d\u2019administration des soci\u00e9t\u00e9s d\u2019\u00e9tat. La parit\u00e9 vraie \u00e0 savoir, 50% d\u2019hommes, 50% de femmes, 50% de jeunes, 50% d\u2019adultes.<br \/>Seul candidat ind\u00e9pendant, Claude Aim\u00e9 Tassemb\u00e9do estime que le Burkina actuel n\u2019est plus le havre de paix qu\u2019il a \u00e9t\u00e9 auparavant.<\/p>\n<p>Dr Claude Aim\u00e9 Tassemb\u00e9do refuse n\u00e9anmoins la d\u00e9mission et invite tous les citoyens burkinab\u00e8 \u00ab \u00e9pris de paix, de patriotisme, de progr\u00e8s social et d\u2019id\u00e9al panafricaniste \u00bb, \u00e0 le rejoindre pour une r\u00e9volution d\u00e9mocratique et citoyenne aux \u00e9lections coupl\u00e9es du 22 novembre 2020. \u00ab Quoi qu\u2019il advienne, je m\u2019engage pour le sacerdoce dont le but est et reste la servitude \u00e0 Dieu, \u00e0 la Nation, \u00e0 l\u2019Afrique et pour un monde \u00e0 visage humain \u00bb, lan\u00e7ait-il au d\u00e9p\u00f4t de sa candidature \u00e0 la CENI.<\/p>\n<p>Le dernier candidat retenu par le Conseil constitutionnel a la particularit\u00e9 d\u2019\u00eatre en exil au Canada depuis 2016. Yacouba Isaac Zida a \u00e9t\u00e9 investi par le Mouvement patriotique pour le salut (MPS). L\u2019ex-lieutenant-colonel du RSP est pr\u00e9sent\u00e9 comme \u00ab l\u2019homme de la situation \u00bb par ses sympathisants.<\/p>\n<p>Aujourd\u2019hui \u00e2g\u00e9 de 55 ans, il esp\u00e8re exercer pour cette fois-ci, gr\u00e2ce aux suffrages de ses concitoyens, la fonction au plus haut sommet de l\u2019Etat apr\u00e8s 21 jours d\u2019exercice en 2014 \u00e0 la suite de l\u2019insurrection populaire. Nomm\u00e9 par la suite Premier ministre par le pr\u00e9sident de la Transition, Michel Kafando, il avait \u00e9t\u00e9 promu \u00e0 titre exceptionnel au grade de g\u00e9n\u00e9ral de division. Radi\u00e9 de l\u2019arm\u00e9e pour d\u00e9sertion en tant de paix parce qu\u2019en exil, il entend prioritairement s\u2019attaquer au d\u00e9fi du retour de la s\u00e9curit\u00e9. Cela est possible, selon lui, dans un d\u00e9lai de six mois et de 12 mois pour le retour des d\u00e9plac\u00e9s chez eux.La campagne \u00e9lectorale qui s\u2019ouvre le 31 octobre prendra fin le 20 novembre 2020 et l\u2019\u00e9lection pr\u00e9sidentielle, coupl\u00e9e aux l\u00e9gislatives, est pr\u00e9vue pour le 22 novembre 2020.<\/p>\n<p class=\"c1\"><strong>Jean-Marie TOE<\/strong><\/p>\n<div class=\"td-a-rec td-a-rec-id-content_bottom tdi_30_3b3 td_block_template_1\"><img loading=\"lazy\" decoding=\"async\" class=\"aligncenter size-full wp-image-27454\" src=\"https:\/\/www.sidwaya.info\/wp-content\/uploads\/2020\/10\/PUB-Bandeau-paiement-mobile-siteweb.jpg\" alt=\"\" width=\"728\" height=\"90\"\/><\/div>\n<p>Auteur: BM. Sidwaya<br \/>\n<a href=\"https:\/\/www.sidwaya.info\/blog\/2020\/10\/22\/election-presidentielle-2020-13-candidats-pour-un-fauteuil\/\">Cliquez ici pour lire l&rsquo;article depuis sa source.<\/a><\/p>\n","protected":false},"excerpt":{"rendered":"<p>Le Conseil constitutionnel a rendu public, le jeudi 22 octobre 2020, la liste d\u00e9finitive des candidats \u00e0 l\u2019\u00e9lection pr\u00e9sidentielle de novembre 2020. Sur les 14 pr\u00e9tendants au fauteuil pr\u00e9sentiel, seul Harouna Kindo du Mouvement des intellectuels pour le d\u00e9veloppement a \u00e9t\u00e9 \u00ab recal\u00e9 \u00bb. Focus sur les forces en pr\u00e9sence ! Contrairement \u00e0 2015 (10 [&hellip;]<\/p>\n","protected":false},"author":1816,"featured_media":102624,"comment_status":"closed","ping_status":"closed","sticky":false,"template":"","format":"standard","meta":{"fifu_image_url":"","fifu_image_alt":"","footnotes":""},"categories":[73,81],"tags":[],"class_list":["post-102623","post","type-post","status-publish","format-standard","has-post-thumbnail","hentry","category-actualite","category-burkina-faso"],"_links":{"self":[{"href":"https:\/\/linitiative.ca\/International\/wp-json\/wp\/v2\/posts\/102623","targetHints":{"allow":["GET"]}}],"collection":[{"href":"https:\/\/linitiative.ca\/International\/wp-json\/wp\/v2\/posts"}],"about":[{"href":"https:\/\/linitiative.ca\/International\/wp-json\/wp\/v2\/types\/post"}],"author":[{"embeddable":true,"href":"https:\/\/linitiative.ca\/International\/wp-json\/wp\/v2\/users\/1816"}],"replies":[{"embeddable":true,"href":"https:\/\/linitiative.ca\/International\/wp-json\/wp\/v2\/comments?post=102623"}],"version-history":[{"count":0,"href":"https:\/\/linitiative.ca\/International\/wp-json\/wp\/v2\/posts\/102623\/revisions"}],"wp:featuredmedia":[{"embeddable":true,"href":"https:\/\/linitiative.ca\/International\/wp-json\/"}],"wp:attachment":[{"href":"https:\/\/linitiative.ca\/International\/wp-json\/wp\/v2\/media?parent=102623"}],"wp:term":[{"taxonomy":"category","embeddable":true,"href":"https:\/\/linitiative.ca\/International\/wp-json\/wp\/v2\/categories?post=102623"},{"taxonomy":"post_tag","embeddable":true,"href":"https:\/\/linitiative.ca\/International\/wp-json\/wp\/v2\/tags?post=102623"}],"curies":[{"name":"wp","href":"https:\/\/api.w.org\/{rel}","templated":true}]}}