{"id":102626,"date":"2020-10-23T14:18:02","date_gmt":"2020-10-23T18:18:02","guid":{"rendered":"https:\/\/linitiative.ca\/International\/cote-divoire-deces-subit-du-ministre-de-ladministration-du-territoire-officiel\/"},"modified":"2020-10-23T14:18:02","modified_gmt":"2020-10-23T18:18:02","slug":"cote-divoire-deces-subit-du-ministre-de-ladministration-du-territoire-officiel","status":"publish","type":"post","link":"https:\/\/linitiative.ca\/International\/cote-divoire-deces-subit-du-ministre-de-ladministration-du-territoire-officiel\/","title":{"rendered":"C\u00f4te d\u2019Ivoire: \u00ab\u00a0d\u00e9c\u00e8s subit\u00a0\u00bb du ministre de l\u2019Administration du territoire (officiel)"},"content":{"rendered":"<div readability=\"32\">\n<p>Publi\u00e9 le 23.10.2020 \u00e0 19h18 par APA News<\/p>\n<\/div>\n<div readability=\"69\">\n<p>Le Premier ministre ivoirien, Hamed Bakayoko, a annonc\u00e9 vendredi le \u00ab\u00a0d\u00e9c\u00e8s subit\u00a0\u00bb du ministre de l\u2019Administration du territoire et de la d\u00e9centralisation, Sidiki Diakit\u00e9, \u00e0 l\u2019entame d\u2019un meeting \u00e9lectoral, devant des artisans \u00e0 Abidjan.\u00a0\u00bbJ\u2019ai le grand regret de vous annoncer le d\u00e9c\u00e8s subit de Sidiki Diakit\u00e9, ministre de l\u2019Administration du territoire et de la d\u00e9centralisation, d\u00e9c\u00e8s intervenu cet apr\u00e8s-midi\u00a0\u00bb, a dit M. Hamed Bakayoko, au Palais de la culture de Treichville, dans le Sud d\u2019Abidjan, o\u00f9 il devrait faire un meeting dans le cadre de la pr\u00e9sidentielle du 31 octobre 2020.<\/p>\n<p>M. Hamed Bakayoko a annonc\u00e9 cette nouvelle \u00ab\u00a0dans la \u00a0consternation\u00a0\u00bb, rendant un hommage \u00e0 M. Sidiki Diakit\u00e9, \u00ab\u00a0un grand serviteur de l\u2019Etat, un homme affable, courtois, disponible et c\u2019\u00e9tait \u00e9galement un tr\u00e8s proche collaborateur du pr\u00e9sident de la R\u00e9publique\u00a0\u00bb, Alassane Ouattara, candidat du Rassemblement des houphou\u00ebtistes pour la d\u00e9mocratie et la paix (Rhdp, pouvoir) \u00e0 cette pr\u00e9sidentielle. \u00a0<\/p>\n<p>Apr\u00e8s l\u2019annonce du d\u00e9c\u00e8s du ministre Sidiki Diakit\u00e9, le meeting n\u2019a plus eu lieu. Seulement, Mme Aissatou Ciss\u00e9, entrepreneur, a lib\u00e9r\u00e9 une motion, appelant le secteur des artisans \u00e0 \u00e9lire Alassane Ouattara le 31 octobre 2020. Le premier ministre n\u2019a pas pr\u00e9ciser les circonstances de son d\u00e9c\u00e8s.\u00a0<\/p>\n<\/div>\n<p>Auteur: APA News<br \/>\n<a href=\"https:\/\/www.journalducameroun.com\/cote-divoire-deces-subit-du-ministre-de-ladministration-du-territoire-officiel\/\">Cliquez ici pour lire l&rsquo;article depuis sa source.<\/a><\/p>\n","protected":false},"excerpt":{"rendered":"<p>Publi\u00e9 le 23.10.2020 \u00e0 19h18 par APA News Le Premier ministre ivoirien, Hamed Bakayoko, a annonc\u00e9 vendredi le \u00ab\u00a0d\u00e9c\u00e8s subit\u00a0\u00bb du ministre de l\u2019Administration du territoire et de la d\u00e9centralisation, Sidiki Diakit\u00e9, \u00e0 l\u2019entame d\u2019un meeting \u00e9lectoral, devant des artisans \u00e0 Abidjan.\u00a0\u00bbJ\u2019ai le grand regret de vous annoncer le d\u00e9c\u00e8s subit de Sidiki Diakit\u00e9, ministre [&hellip;]<\/p>\n","protected":false},"author":1965,"featured_media":0,"comment_status":"closed","ping_status":"closed","sticky":false,"template":"","format":"standard","meta":{"fifu_image_url":"","fifu_image_alt":"","footnotes":""},"categories":[73,82],"tags":[],"class_list":["post-102626","post","type-post","status-publish","format-standard","hentry","category-actualite","category-cameroun"],"_links":{"self":[{"href":"https:\/\/linitiative.ca\/International\/wp-json\/wp\/v2\/posts\/102626","targetHints":{"allow":["GET"]}}],"collection":[{"href":"https:\/\/linitiative.ca\/International\/wp-json\/wp\/v2\/posts"}],"about":[{"href":"https:\/\/linitiative.ca\/International\/wp-json\/wp\/v2\/types\/post"}],"author":[{"embeddable":true,"href":"https:\/\/linitiative.ca\/International\/wp-json\/wp\/v2\/users\/1965"}],"replies":[{"embeddable":true,"href":"https:\/\/linitiative.ca\/International\/wp-json\/wp\/v2\/comments?post=102626"}],"version-history":[{"count":0,"href":"https:\/\/linitiative.ca\/International\/wp-json\/wp\/v2\/posts\/102626\/revisions"}],"wp:attachment":[{"href":"https:\/\/linitiative.ca\/International\/wp-json\/wp\/v2\/media?parent=102626"}],"wp:term":[{"taxonomy":"category","embeddable":true,"href":"https:\/\/linitiative.ca\/International\/wp-json\/wp\/v2\/categories?post=102626"},{"taxonomy":"post_tag","embeddable":true,"href":"https:\/\/linitiative.ca\/International\/wp-json\/wp\/v2\/tags?post=102626"}],"curies":[{"name":"wp","href":"https:\/\/api.w.org\/{rel}","templated":true}]}}