{"id":102627,"date":"2020-10-23T15:18:03","date_gmt":"2020-10-23T19:18:03","guid":{"rendered":"https:\/\/linitiative.ca\/International\/le-gabon-lance-le-padeg-pour-diversifier-son-economie\/"},"modified":"2020-10-23T15:18:03","modified_gmt":"2020-10-23T19:18:03","slug":"le-gabon-lance-le-padeg-pour-diversifier-son-economie","status":"publish","type":"post","link":"https:\/\/linitiative.ca\/International\/le-gabon-lance-le-padeg-pour-diversifier-son-economie\/","title":{"rendered":"Le Gabon lance le Padeg pour diversifier son \u00e9conomie"},"content":{"rendered":"<div readability=\"32\">\n<p>Publi\u00e9 le 23.10.2020 \u00e0 20h18 par APA News<\/p>\n<\/div>\n<div readability=\"71\">\n<p>Le Gabon a lanc\u00e9 jeudi 22 octobre le Projet d\u2019appui \u00e0 la diversification de son \u00e9conomie (Padeg), financ\u00e9 \u00e0 hauteur de 41 milliards FCFA avec la Banque africaine de d\u00e9veloppement (Bad).Le Gabon dont l\u2019\u00e9conomie est longtemps arrim\u00e9e sur l\u2019exploitation p\u00e9troli\u00e8re a d\u00e9cid\u00e9 de changer son fusil d\u2019\u00e9paule. Hier jeudi \u00e0 Libreville, le ministre de l\u2019Economie et de la Relance, Jean Marie Ogandaga, a conclu avec le repr\u00e9sentant de la Bad, Robert Masumbuko, les derniers d\u00e9tails pour la mise en \u0153uvre du Padeg.<\/p>\n<p>Financ\u00e9 \u00e0 85% par l\u2019institution bancaire et 15% par l\u2019Etat gabonais, ce projet sera ex\u00e9cut\u00e9 sur quatre ans. Il devra contribuer \u00e0 la consolidation de la Zone \u00e9conomique sp\u00e9ciale de Nkok, situ\u00e9e dans le d\u00e9partement du Komo-Mondah, pr\u00e8s de la ville de Ntoum, \u00e0 27 km de Libreville. Ainsi, la croissance durable des secteurs du bois et des mines et la mobilisation accrue des recettes non p\u00e9troli\u00e8res seront port\u00e9es en rang de priorit\u00e9.<\/p>\n<p>\u00ab Le projet touche le secteur bois qui devrait devenir le secteur majeur de notre \u00e9conomie. Et ce d\u2019autant que, ledit secteur a permis au Gabon d\u2019\u00eatre r\u00e9silient \u00bb, a d\u00e9clar\u00e9 M. Ogandaga.\u00a0<\/p>\n<p>Saluant \u00ab la vision du chef de l\u2019Etat qui a d\u00e9cid\u00e9 de diversifier l\u2019\u00e9conomie depuis 2009 \u00bb, il souligne que le \u00ab projet a pour mission d\u2019aller vers d\u2019autres secteurs qui ne sont pas mis en lumi\u00e8re par notre \u00e9conomie \u00bb. Ainsi, a-t-il assur\u00e9, les op\u00e9rateurs \u00e9conomiques, les artisans gabonais et les investisseurs \u00e9trangers seront pris en compte dans ce programme.<\/p>\n<p>Pour sa part, le repr\u00e9sentant de la Bad a expliqu\u00e9 que le Padeg va permettre au gouvernement gabonais de \u00ab poser les bases d\u2019une reprise \u00e9conomique saine, \u00e0 travers l\u2019am\u00e9lioration du climat des investissements et le renforcement de la comp\u00e9titivit\u00e9 des secteurs prioritaires \u00bb.<\/p>\n<\/div>\n<p>Auteur: APA News<br \/>\n<a href=\"https:\/\/www.journalducameroun.com\/le-gabon-lance-le-padeg-pour-diversifier-son-economie\/\">Cliquez ici pour lire l&rsquo;article depuis sa source.<\/a><\/p>\n","protected":false},"excerpt":{"rendered":"<p>Publi\u00e9 le 23.10.2020 \u00e0 20h18 par APA News Le Gabon a lanc\u00e9 jeudi 22 octobre le Projet d\u2019appui \u00e0 la diversification de son \u00e9conomie (Padeg), financ\u00e9 \u00e0 hauteur de 41 milliards FCFA avec la Banque africaine de d\u00e9veloppement (Bad).Le Gabon dont l\u2019\u00e9conomie est longtemps arrim\u00e9e sur l\u2019exploitation p\u00e9troli\u00e8re a d\u00e9cid\u00e9 de changer son fusil d\u2019\u00e9paule. [&hellip;]<\/p>\n","protected":false},"author":1965,"featured_media":0,"comment_status":"closed","ping_status":"closed","sticky":false,"template":"","format":"standard","meta":{"fifu_image_url":"","fifu_image_alt":"","footnotes":""},"categories":[73,82],"tags":[],"class_list":["post-102627","post","type-post","status-publish","format-standard","hentry","category-actualite","category-cameroun"],"_links":{"self":[{"href":"https:\/\/linitiative.ca\/International\/wp-json\/wp\/v2\/posts\/102627","targetHints":{"allow":["GET"]}}],"collection":[{"href":"https:\/\/linitiative.ca\/International\/wp-json\/wp\/v2\/posts"}],"about":[{"href":"https:\/\/linitiative.ca\/International\/wp-json\/wp\/v2\/types\/post"}],"author":[{"embeddable":true,"href":"https:\/\/linitiative.ca\/International\/wp-json\/wp\/v2\/users\/1965"}],"replies":[{"embeddable":true,"href":"https:\/\/linitiative.ca\/International\/wp-json\/wp\/v2\/comments?post=102627"}],"version-history":[{"count":0,"href":"https:\/\/linitiative.ca\/International\/wp-json\/wp\/v2\/posts\/102627\/revisions"}],"wp:attachment":[{"href":"https:\/\/linitiative.ca\/International\/wp-json\/wp\/v2\/media?parent=102627"}],"wp:term":[{"taxonomy":"category","embeddable":true,"href":"https:\/\/linitiative.ca\/International\/wp-json\/wp\/v2\/categories?post=102627"},{"taxonomy":"post_tag","embeddable":true,"href":"https:\/\/linitiative.ca\/International\/wp-json\/wp\/v2\/tags?post=102627"}],"curies":[{"name":"wp","href":"https:\/\/api.w.org\/{rel}","templated":true}]}}