{"id":102628,"date":"2020-10-23T18:03:36","date_gmt":"2020-10-23T22:03:36","guid":{"rendered":"https:\/\/linitiative.ca\/International\/cote-divoire-plus-de-27-000-branchements-sur-165-000-executes-dans-le-cadre-du-programme-eau-pour-tous\/"},"modified":"2020-10-23T18:03:36","modified_gmt":"2020-10-23T22:03:36","slug":"cote-divoire-plus-de-27-000-branchements-sur-165-000-executes-dans-le-cadre-du-programme-eau-pour-tous","status":"publish","type":"post","link":"https:\/\/linitiative.ca\/International\/cote-divoire-plus-de-27-000-branchements-sur-165-000-executes-dans-le-cadre-du-programme-eau-pour-tous\/","title":{"rendered":"C\u00f4te d\u2019Ivoire: plus de 27.000 branchements sur 165.000 ex\u00e9cut\u00e9s dans le cadre du Programme eau pour tous"},"content":{"rendered":"<div readability=\"32\">\n<p>Publi\u00e9 le 23.10.2020 \u00e0 23h18 par APA News<\/p>\n<\/div>\n<div readability=\"159\">\n<p>Le Programme eau pour tous en C\u00f4te d\u2019Ivoire, initi\u00e9 par l\u2019Etat ivoirien, et lanc\u00e9 depuis mai 2020, a permis plus de 27.000 branchements au r\u00e9seau d\u2019eau potable sur 165.000 attendus, selon une note de la Soci\u00e9t\u00e9 de d\u00e9veloppement de l\u2019eau en C\u00f4te d\u2019Ivoire (Sodeci).Le Programme eau pour tous en C\u00f4te d\u2019Ivoire a \u00e9t\u00e9 lanc\u00e9 depuis le 08 mai 2020 et \u00ab\u00a0ce sont 165 000 branchements \u00e0 r\u00e9aliser en 18 mois, r\u00e9partis dans 155 sous-quartiers\u00a0\u00bb dans le pays.<\/p>\n<p>Ces sous-quartiers, o\u00f9 r\u00e9sident des populations vuln\u00e9rables, \u00a0devraient b\u00e9n\u00e9ficier de ce programme social innovant, qui a pour but d\u2019am\u00e9liorer l\u2019acc\u00e8s \u00e0 l\u2019eau potable en C\u00f4te d\u2019Ivoire.<\/p>\n<p>\u00ab\u00a0Depuis le lancement des travaux, ce sont 27 382 branchements qui ont \u00e9t\u00e9 ex\u00e9cut\u00e9s, mat\u00e9rialisant ainsi le Programme eau pour tous en C\u00f4te d\u2019Ivoire. \u00a0Afin de s\u2019enqu\u00e9rir de la bonne ex\u00e9cution des travaux et mesurer l\u2019impact du projet sur le quotidien des familles b\u00e9n\u00e9ficiaires, le ministre de l\u2019Hydraulique, M. Laurent Tchagba, accompagn\u00e9 du directeur g\u00e9n\u00e9ral de la Sodeci, Ahmadou Bakayoko, a r\u00e9cemment effectu\u00e9 une visite des chantiers r\u00e9alis\u00e9s.<\/p>\n<p>Ces visites de terrain ont eu lieu du 15 au 16 octobre 2020 sur les sites de \u00a0M\u2019Badon (Riviera), Micao (Yopougon), Anonkoua Kout\u00e9 (Abobo), Adjahui (Port Bouet), Mossikro (Att\u00e9coub\u00e9), dans le District d\u2019Abidjan.<\/p>\n<p>Un tarif social\u00a0<\/p>\n<p>Lorsque \u00ab\u00a0les habitants viennent se faire enregistrer, juste apr\u00e8s, dans deux ou trois semaines, ils ont leur compteur d\u2019eau\u00a0\u00bb, a expliqu\u00e9 M. Ahmadou Bakayoko, \u00a0lors de la visite.\u00a0<\/p>\n<p>Il a fait savoir que \u00ab\u00a0le tarif est social et environ 2000 m\u00e9nages sont concern\u00e9s ici \u00e0 M\u2019Badon. Mais dans d\u2019autres zones dont Yopougon Micao et Abobo Anonkoua-Kout\u00e9 entrent dans le programme \u00bb.<\/p>\n<p>\u00ab Avec 10.000 F CFA, nous avons le compteur d\u2019eau au lieu de 167.000 F CFA, c\u2019est une gr\u00e2ce pour nous. Nous disons merci au pr\u00e9sident de la R\u00e9publique pour cette opportunit\u00e9. Car, nous avons l\u2019eau potable et nous pouvons \u00e9viter plusieurs maladies \u00bb, a d\u00e9clar\u00e9 Jonas Assi au nom de la chefferie de Adjahui.<\/p>\n<p>Cette visite, ajoutera-t-il, \u00ab\u00a0nous rassure, et cette all\u00e9gresse sera encore plus vive lorsque nous constaterons que les compteurs sont tous pos\u00e9s pour le bonheur des populations\u00a0\u00bb.<\/p>\n<p>La Sodeci accompagne l\u2019Etat de C\u00f4te d\u2019Ivoire dans sa mission de service public aupr\u00e8s des populations. Et ce, dans le cadre d\u2019un partenariat public-priv\u00e9.<\/p>\n<p>Soucieux du bien-\u00eatre des populations, l\u2019Etat affiche par ailleurs son engagement aux c\u00f4t\u00e9s des m\u00e9nages vuln\u00e9rables, en leur offrant des possibilit\u00e9s souples d\u2019acc\u00e8s \u00e0 l\u2019eau potable.<\/p>\n<p>R\u00e9sultats obtenus\u00a0<\/p>\n<p>En termes de lin\u00e9aires de r\u00e9seaux pos\u00e9s, ce sont 250 Km tout diam\u00e8tre confondu enregistr\u00e9s sur tout le grand Abidjan (sur 883 km au total) soit 28% de taux d\u2019ex\u00e9cution. La soci\u00e9t\u00e9 pr\u00e9voit plus de 30% \u00e0 fin octobre 2020.<\/p>\n<p>Le nombre de clients enr\u00f4l\u00e9s se chiffre \u00e0 46 068, \u00a0tandis que le nombre de clients encaiss\u00e9s est de 41 501 soit 90% de taux d\u2019encaissement par rapport aux enr\u00f4lements.<\/p>\n<p>Le nombre de branchements ex\u00e9cut\u00e9s est \u00e9tabli \u00e0 27 382 sur 165 000 \u00e0 faire en 18 mois. Quant au nombre de personnes impact\u00e9es, il est pr\u00e9vu 300 000 \u00e0 fin octobre 2020.<\/p>\n<p>Pour r\u00e9ussir cette mission, tout en renfor\u00e7ant et son image d\u2019entreprise citoyenne, engag\u00e9e dans le d\u00e9veloppement durable, la soci\u00e9t\u00e9 a d\u00e9ploy\u00e9 150 agents d\u00e9di\u00e9s exclusivement au programme.<\/p>\n<p>Ce programme est un d\u00e9fi pour l\u2019entreprise qui envisage d\u2019\u00eatre une r\u00e9f\u00e9rence en Afrique dans la gestion des services publics d\u2019eau et d\u2019assainissement.<\/p>\n<p>En C\u00f4te d\u2019Ivoire, elle s\u2019est engag\u00e9e \u00e0 accompagner l\u2019\u00e9mergence \u00e9conomique du pays, promue par les dirigeants. Ce qui devrait lui permettre d\u2019\u00eatre le meilleur partenaire de l\u2019Etat en mati\u00e8re de gestion des services publics de l\u2019eau et de l\u2019assainissement. \u00a0<\/p>\n<p>Abonnement et branchement<\/p>\n<p>L\u2019abonnement suit un cheminement. Des \u00e9quipes terrains munies de tablette font du porte \u00e0 porte pour l\u2019enr\u00f4lement technique des clients.<\/p>\n<p>Ensuite, les clients sont convi\u00e9s \u00e0 un stand pour terminer la proc\u00e9dure d\u2019enr\u00f4lement et payer leur abonn\u00e9. Troisi\u00e8mement, l\u2019\u00e9quipe technique planifie et ex\u00e9cute les branchements du client.<\/p>\n<p>D\u00e8s que le branchement est ex\u00e9cut\u00e9 les informations clients sont migr\u00e9es dans la base client\u00e8le pour sa prise en compte dans le Programme eau pour tous en C\u00f4te d\u2019Ivoire.<\/p>\n<p>Ce programme donne aux populations des 155 sous-quartiers \u00e9ligibles une offre unique qui s\u2019\u00e9tend sur 18 mois (du 1er juin 2020 au 31 d\u00e9cembre 2021), dans la limites des 165.000 branchements pr\u00e9vus.<\/p>\n<p>La longueur maximale autoris\u00e9e du r\u00e9seau au point de livraison est de 18 m\u00e8tres.\u00a0<\/p>\n<p>L\u2019implication de la soci\u00e9t\u00e9 aux c\u00f4t\u00e9s de l\u2019Etat pour la r\u00e9ussite du \u00ab\u00a0Programme APTF\u00a0\u00bb, traduit un engagement RSE fort de l\u2019entreprise pour le bien-\u00eatre des populations et pour l\u2019\u00e9conomie nationale.<\/p>\n<\/div>\n<p>Auteur: APA News<br \/>\n<a href=\"https:\/\/www.journalducameroun.com\/cote-divoire-plus-de-27-000-branchements-sur-165-000-executes-dans-le-cadre-du-programme-eau-pour-tous\/\">Cliquez ici pour lire l&rsquo;article depuis sa source.<\/a><\/p>\n","protected":false},"excerpt":{"rendered":"<p>Publi\u00e9 le 23.10.2020 \u00e0 23h18 par APA News Le Programme eau pour tous en C\u00f4te d\u2019Ivoire, initi\u00e9 par l\u2019Etat ivoirien, et lanc\u00e9 depuis mai 2020, a permis plus de 27.000 branchements au r\u00e9seau d\u2019eau potable sur 165.000 attendus, selon une note de la Soci\u00e9t\u00e9 de d\u00e9veloppement de l\u2019eau en C\u00f4te d\u2019Ivoire (Sodeci).Le Programme eau pour [&hellip;]<\/p>\n","protected":false},"author":1965,"featured_media":0,"comment_status":"closed","ping_status":"closed","sticky":false,"template":"","format":"standard","meta":{"fifu_image_url":"","fifu_image_alt":"","footnotes":""},"categories":[73,82],"tags":[],"class_list":["post-102628","post","type-post","status-publish","format-standard","hentry","category-actualite","category-cameroun"],"_links":{"self":[{"href":"https:\/\/linitiative.ca\/International\/wp-json\/wp\/v2\/posts\/102628","targetHints":{"allow":["GET"]}}],"collection":[{"href":"https:\/\/linitiative.ca\/International\/wp-json\/wp\/v2\/posts"}],"about":[{"href":"https:\/\/linitiative.ca\/International\/wp-json\/wp\/v2\/types\/post"}],"author":[{"embeddable":true,"href":"https:\/\/linitiative.ca\/International\/wp-json\/wp\/v2\/users\/1965"}],"replies":[{"embeddable":true,"href":"https:\/\/linitiative.ca\/International\/wp-json\/wp\/v2\/comments?post=102628"}],"version-history":[{"count":0,"href":"https:\/\/linitiative.ca\/International\/wp-json\/wp\/v2\/posts\/102628\/revisions"}],"wp:attachment":[{"href":"https:\/\/linitiative.ca\/International\/wp-json\/wp\/v2\/media?parent=102628"}],"wp:term":[{"taxonomy":"category","embeddable":true,"href":"https:\/\/linitiative.ca\/International\/wp-json\/wp\/v2\/categories?post=102628"},{"taxonomy":"post_tag","embeddable":true,"href":"https:\/\/linitiative.ca\/International\/wp-json\/wp\/v2\/tags?post=102628"}],"curies":[{"name":"wp","href":"https:\/\/api.w.org\/{rel}","templated":true}]}}