{"id":102629,"date":"2020-10-23T18:03:41","date_gmt":"2020-10-23T22:03:41","guid":{"rendered":"https:\/\/linitiative.ca\/International\/le-burkina-faso-salue-les-efforts-deployes-par-le-maroc-pour-resoudre-la-crise-libyenne\/"},"modified":"2020-10-23T18:03:41","modified_gmt":"2020-10-23T22:03:41","slug":"le-burkina-faso-salue-les-efforts-deployes-par-le-maroc-pour-resoudre-la-crise-libyenne","status":"publish","type":"post","link":"https:\/\/linitiative.ca\/International\/le-burkina-faso-salue-les-efforts-deployes-par-le-maroc-pour-resoudre-la-crise-libyenne\/","title":{"rendered":"Le Burkina Faso salue les efforts d\u00e9ploy\u00e9s par le Maroc pour r\u00e9soudre la crise libyenne"},"content":{"rendered":"<div readability=\"32\">\n<p>Publi\u00e9 le 23.10.2020 \u00e0 23h18 par APA News<\/p>\n<\/div>\n<div readability=\"78\">\n<p>Le Burkina Faso salue les efforts d\u00e9ploy\u00e9s par le Maroc pour r\u00e9soudre la crise libyenne, a soulign\u00e9 vendredi \u00e0 Dakhla, le ministre des Affaires \u00e9trang\u00e8res, de la Coop\u00e9ration et des Burkinab\u00e8 de l\u2019Ext\u00e9rieur, Alpha Barry.\u00a0\u00bbToute r\u00e9solution de la crise libyenne contribue \u00e0 renforcer la s\u00e9curit\u00e9 au Sahel central, d\u2019autant plus qu\u2019elle est une question tr\u00e8s importante pour nous en tant que pays sah\u00e9lien\u00a0\u00bb, a not\u00e9 M. Barry lors d\u2019un point de presse conjoint avec le ministre marocain des Affaires Etrang\u00e8res, Nasser Bourita, tenu \u00e0 l\u2019issue de l\u2019inauguration du consulat g\u00e9n\u00e9ral du Burkina Faso \u00e0 Dakhla.<\/p>\n<p>Il a \u00e9galement \u00e9mis l\u2019espoir que ces efforts aboutissent \u00e0 une r\u00e9solution de la crise libyenne, relevant que le Maroc et le Burkina ont une convergence de vue sur les plans politique et diplomatique.<\/p>\n<p>Par ailleurs, le diplomate a affirm\u00e9 que l\u2019ouverture d\u2019un consulat g\u00e9n\u00e9ral du Burkina Faso vient consolider une relation \u00ab\u00a0d\u00e9j\u00e0 tr\u00e8s forte\u00a0\u00bb sur le plan \u00e9conomique, comme en t\u00e9moigne la pr\u00e9sence marocaine au Burkina Faso, dans plusieurs domaines tels que les t\u00e9l\u00e9communications, l\u2019industrie, les banques et les assurances.<\/p>\n<p>\u00ab\u00a0Nous avons beaucoup de perspectives suite \u00e0 l\u2019ouverture de cette repr\u00e9sentation consulaire \u00e0 Dakhla, qui va permettre de renforcer davantage les relations \u00e9conomiques et consolider les relations humaines qui existent d\u00e9j\u00e0 entre le Maroc et le Burkina Faso\u00a0\u00bb, a tenu \u00e0 pr\u00e9ciser le chef de la diplomatie Burkinab\u00e8.<\/p>\n<p>M. Barry s\u2019est de m\u00eame f\u00e9licit\u00e9 de la signature d\u2019un accord entre le gouvernement de son pays et le Maroc, portant sur la suppression de visa, en faveur des ressortissants des deux pays titulaires de passeports ordinaires.<\/p>\n<p>\u00ab\u00a0Le Maroc est une destination privil\u00e9gi\u00e9e pour les Burkinab\u00e8 souhaitant mener des affaires, recevoir les soins m\u00e9dicaux compte tenu de la technologie avanc\u00e9e du Royaume en la mati\u00e8re, \u00e0 m\u00eame de fluidifier le flux de la circulation entre les deux pays\u00a0\u00bb, a-t-il poursuivi.<\/p>\n<\/div>\n<p>Auteur: APA News<br \/>\n<a href=\"https:\/\/www.journalducameroun.com\/le-burkina-faso-salue-les-efforts-deployes-par-le-maroc-pour-resoudre-la-crise-libyenne\/\">Cliquez ici pour lire l&rsquo;article depuis sa source.<\/a><\/p>\n","protected":false},"excerpt":{"rendered":"<p>Publi\u00e9 le 23.10.2020 \u00e0 23h18 par APA News Le Burkina Faso salue les efforts d\u00e9ploy\u00e9s par le Maroc pour r\u00e9soudre la crise libyenne, a soulign\u00e9 vendredi \u00e0 Dakhla, le ministre des Affaires \u00e9trang\u00e8res, de la Coop\u00e9ration et des Burkinab\u00e8 de l\u2019Ext\u00e9rieur, Alpha Barry.\u00a0\u00bbToute r\u00e9solution de la crise libyenne contribue \u00e0 renforcer la s\u00e9curit\u00e9 au Sahel [&hellip;]<\/p>\n","protected":false},"author":1965,"featured_media":0,"comment_status":"closed","ping_status":"closed","sticky":false,"template":"","format":"standard","meta":{"fifu_image_url":"","fifu_image_alt":"","footnotes":""},"categories":[73,82],"tags":[],"class_list":["post-102629","post","type-post","status-publish","format-standard","hentry","category-actualite","category-cameroun"],"_links":{"self":[{"href":"https:\/\/linitiative.ca\/International\/wp-json\/wp\/v2\/posts\/102629","targetHints":{"allow":["GET"]}}],"collection":[{"href":"https:\/\/linitiative.ca\/International\/wp-json\/wp\/v2\/posts"}],"about":[{"href":"https:\/\/linitiative.ca\/International\/wp-json\/wp\/v2\/types\/post"}],"author":[{"embeddable":true,"href":"https:\/\/linitiative.ca\/International\/wp-json\/wp\/v2\/users\/1965"}],"replies":[{"embeddable":true,"href":"https:\/\/linitiative.ca\/International\/wp-json\/wp\/v2\/comments?post=102629"}],"version-history":[{"count":0,"href":"https:\/\/linitiative.ca\/International\/wp-json\/wp\/v2\/posts\/102629\/revisions"}],"wp:attachment":[{"href":"https:\/\/linitiative.ca\/International\/wp-json\/wp\/v2\/media?parent=102629"}],"wp:term":[{"taxonomy":"category","embeddable":true,"href":"https:\/\/linitiative.ca\/International\/wp-json\/wp\/v2\/categories?post=102629"},{"taxonomy":"post_tag","embeddable":true,"href":"https:\/\/linitiative.ca\/International\/wp-json\/wp\/v2\/tags?post=102629"}],"curies":[{"name":"wp","href":"https:\/\/api.w.org\/{rel}","templated":true}]}}