{"id":102630,"date":"2020-10-23T18:03:46","date_gmt":"2020-10-23T22:03:46","guid":{"rendered":"https:\/\/linitiative.ca\/International\/le-secteur-prive-forme-pour-une-meilleure-strategie-nationale-de-dialogue-public-prive-en-cote-divoire\/"},"modified":"2020-10-23T18:03:46","modified_gmt":"2020-10-23T22:03:46","slug":"le-secteur-prive-forme-pour-une-meilleure-strategie-nationale-de-dialogue-public-prive-en-cote-divoire","status":"publish","type":"post","link":"https:\/\/linitiative.ca\/International\/le-secteur-prive-forme-pour-une-meilleure-strategie-nationale-de-dialogue-public-prive-en-cote-divoire\/","title":{"rendered":"Le secteur priv\u00e9 form\u00e9 pour une meilleure strat\u00e9gie nationale de dialogue public-priv\u00e9 en C\u00f4te d\u2019Ivoire"},"content":{"rendered":"<div readability=\"32\">\n<p>Publi\u00e9 le 23.10.2020 \u00e0 23h18 par APA News<\/p>\n<\/div>\n<div readability=\"68\">\n<p>A l\u2019initiative du Comit\u00e9 de concertation du secteur \u00c9tat-Secteur priv\u00e9 (CCESP), un atelier de formation des acteurs du secteur priv\u00e9 ivoirien et de l\u2019administration publique, a \u00e9t\u00e9 organis\u00e9 en vue de rendre plus efficace la strat\u00e9gie nationale de dialogue public-priv\u00e9 en C\u00f4te d\u2019Ivoire. Trois th\u00e8mes ont meubl\u00e9 cette session de formation, indique une note d\u2019information transmise vendredi \u00e0 APA.Il s\u2019agit notamment \u00ab Des fondements th\u00e9oriques du dialogue public-priv\u00e9\u00bb, \u00ab L\u2019approche op\u00e9rationnelle et la prise en charge des pr\u00e9occupations\u00bb et les \u00ab Contributions du secteur priv\u00e9 dans le dialogue public-priv\u00e9, par la gouvernance, le lobbying, etc\u00bb.\u00a0<\/p>\n<p>Ces diff\u00e9rents th\u00e8mes avaient pour objectifs de mettre l\u2019accent sur les enjeux d\u2019un dialogue public priv\u00e9 constructif \u00e0 la lumi\u00e8re des exp\u00e9riences nationales, pr\u00e9senter ensuite, les m\u00e9canismes institutionnels de dialogue public priv\u00e9 en C\u00f4te d\u2019Ivoire et partager les meilleures exp\u00e9riences en mati\u00e8re de lobbying et de repr\u00e9sentation des Organisations Interm\u00e9diaires du Secteur Priv\u00e9.\u00a0<\/p>\n<p>A cette occasion, George Copre qui repr\u00e9sentait Mariam Fofana Fadiga, la secr\u00e9taire ex\u00e9cutive du CCESP, \u00a0a soutenu qu\u2019au titre des orientations strat\u00e9giques de cette institution figure le renforcement de l\u2019approche op\u00e9rationnelle \u00e0 travers l\u2019impl\u00e9mentation d\u2019une d\u00e9marche structur\u00e9e et harmonieuse du dialogue public-priv\u00e9.\u00a0<\/p>\n<p>\u00ab La mise en \u0153uvre efficace de cette orientation strat\u00e9gique rel\u00e8ve en partie des capacit\u00e9s intrins\u00e8ques de chaque acteur du dialogue public ou priv\u00e9 pour une contribution productive dans le processus de dialogue public priv\u00e9 \u00bb, a estim\u00e9 M. Copre.\u00a0<\/p>\n<p>Le repr\u00e9sentant de Mme Fadiga a conclu son adresse en exhortant \u00a0le secteur priv\u00e9 ivoirien \u00e0 animer ce cadre de concertation \u00e0 travers des sujets document\u00e9s et bien orient\u00e9s. Ce qui \u00a0permettra, a-t-il pr\u00e9cis\u00e9, \u00a0de mieux \u00a0faire comprendre leurs pr\u00e9occupations \u00e0 l\u2019Etat.<\/p>\n<\/div>\n<p>Auteur: APA News<br \/>\n<a href=\"https:\/\/www.journalducameroun.com\/le-secteur-prive-forme-pour-une-meilleure-strategie-nationale-de-dialogue-public-prive-en-cote-divoire\/\">Cliquez ici pour lire l&rsquo;article depuis sa source.<\/a><\/p>\n","protected":false},"excerpt":{"rendered":"<p>Publi\u00e9 le 23.10.2020 \u00e0 23h18 par APA News A l\u2019initiative du Comit\u00e9 de concertation du secteur \u00c9tat-Secteur priv\u00e9 (CCESP), un atelier de formation des acteurs du secteur priv\u00e9 ivoirien et de l\u2019administration publique, a \u00e9t\u00e9 organis\u00e9 en vue de rendre plus efficace la strat\u00e9gie nationale de dialogue public-priv\u00e9 en C\u00f4te d\u2019Ivoire. Trois th\u00e8mes ont meubl\u00e9 [&hellip;]<\/p>\n","protected":false},"author":1965,"featured_media":0,"comment_status":"closed","ping_status":"closed","sticky":false,"template":"","format":"standard","meta":{"fifu_image_url":"","fifu_image_alt":"","footnotes":""},"categories":[73,82],"tags":[],"class_list":["post-102630","post","type-post","status-publish","format-standard","hentry","category-actualite","category-cameroun"],"_links":{"self":[{"href":"https:\/\/linitiative.ca\/International\/wp-json\/wp\/v2\/posts\/102630","targetHints":{"allow":["GET"]}}],"collection":[{"href":"https:\/\/linitiative.ca\/International\/wp-json\/wp\/v2\/posts"}],"about":[{"href":"https:\/\/linitiative.ca\/International\/wp-json\/wp\/v2\/types\/post"}],"author":[{"embeddable":true,"href":"https:\/\/linitiative.ca\/International\/wp-json\/wp\/v2\/users\/1965"}],"replies":[{"embeddable":true,"href":"https:\/\/linitiative.ca\/International\/wp-json\/wp\/v2\/comments?post=102630"}],"version-history":[{"count":0,"href":"https:\/\/linitiative.ca\/International\/wp-json\/wp\/v2\/posts\/102630\/revisions"}],"wp:attachment":[{"href":"https:\/\/linitiative.ca\/International\/wp-json\/wp\/v2\/media?parent=102630"}],"wp:term":[{"taxonomy":"category","embeddable":true,"href":"https:\/\/linitiative.ca\/International\/wp-json\/wp\/v2\/categories?post=102630"},{"taxonomy":"post_tag","embeddable":true,"href":"https:\/\/linitiative.ca\/International\/wp-json\/wp\/v2\/tags?post=102630"}],"curies":[{"name":"wp","href":"https:\/\/api.w.org\/{rel}","templated":true}]}}