{"id":102631,"date":"2020-10-23T03:46:09","date_gmt":"2020-10-23T07:46:09","guid":{"rendered":"https:\/\/linitiative.ca\/International\/relance-post-covid-les-propositions-du-gicam-pour-sauver-le-secteur-prive\/"},"modified":"2020-10-23T03:46:09","modified_gmt":"2020-10-23T07:46:09","slug":"relance-post-covid-les-propositions-du-gicam-pour-sauver-le-secteur-prive","status":"publish","type":"post","link":"https:\/\/linitiative.ca\/International\/relance-post-covid-les-propositions-du-gicam-pour-sauver-le-secteur-prive\/","title":{"rendered":"Relance post-Covid : les propositions du Gicam pour \u00absauver\u00bb le secteur priv\u00e9"},"content":{"rendered":"<p>La prise de parole de C\u00e9lestin Tawamba, pr\u00e9sident du Gicam, \u00e9tait l\u2019un des points les plus attendu de cette rencontre de discussion entre l\u2019Etat et le secteur priv\u00e9. Cette 11<sup>e<\/sup> \u00e9dition du Cameroon business Forum(Cbf) s\u2019est tenue dans un contexte marqu\u00e9 par la pand\u00e9mie du coronavirus et dont les effets sur l\u2019\u00e9conomie ne cessent de se ressentir. Le pr\u00e9sident du plus important groupement patronal du pays(le Gicam repr\u00e9sente 70% des recettes fiscales de l\u2019Etat et 40% du budget) a, d\u00e8s l\u2019entame de son propos, dress\u00e9 un tableau sombre des entreprises du secteur priv\u00e9 qui continuent de subir les effets n\u00e9fastes de la pand\u00e9mie du coronavirus sur leurs activit\u00e9s. D\u2019apr\u00e8s une enqu\u00eate r\u00e9alis\u00e9e par le Gicam, 90% des entreprises ont \u00e9t\u00e9 n\u00e9gativement impact\u00e9s par la pand\u00e9mie, leur chiffre d\u2019affaires par rapport \u00e0 2021 est en recul de 31%, leur contribution aux recettes fiscales est en recul de 51 milliards de FCFA, et sur l\u2019ensemble de l\u2019ann\u00e9e, cette baisse devrait s\u2019alourdir pour s\u2019\u00e9tablir \u00e0 520 milliards de FCFA. Sur le front de l\u2019emploi, c\u2019est <strong>54\u00a0000 salari\u00e9s \u00e0 plein temps mis en ch\u00f4mage technique, soit environ 14% des effectifs, et pr\u00e8s de 14\u00a0000 salari\u00e9s licenci\u00e9s, soit\u00a03,5% des effectifs<\/strong>. \u00ab\u00a0Les entreprises camerounaises grandes, moyennes, petites, tr\u00e8s petites, bref, presque toutes, souffrent et manquent d\u2019oxyg\u00e8ne !\u00a0\u00bb lance-t-il. Cette situation pr\u00e9occupante g\u00e9n\u00e9r\u00e9e par la pand\u00e9mie du coronavirus vient s\u2019ajouter \u00e0 un climat d\u00e9j\u00e0 d\u00e9l\u00e9t\u00e8re qui existait, et marqu\u00e9 par un environnement des affaires difficile avec les affres de la crise s\u00e9curitaire et une dette int\u00e9rieure massive dans un contexte fiscal peu propice \u00e0 la cr\u00e9ation de valeurs.<\/p>\n<p><strong>Lire aussi<\/strong> : <a href=\"https:\/\/ecomatin.net\/quel-est-le-poids-du-gicam-dans-leconomie-dans-quel-etat-se-trouve-lenvironnement-des-affaires-au-cameroun-comment-les-entreprises-du-gicam-sont-elles-administrees\/\">Quel est le poids du Gicam dans l\u2019\u00e9conomie?<\/a><\/p>\n<p><strong>Plan de relance<\/strong><\/p>\n<p>Pour C\u00e9lestin Tawamba, la situation telle que pr\u00e9sent\u00e9e plus haut contribue au fil des ann\u00e9es \u00e0 \u00e9roder l\u2019enthousiasme des investisseurs et entacher \u00e0 plus d\u2019un titre leur confiance. Pour redynamiser cette confiance, le Gicam propose la mise en place de mesures en trois temps. D\u2019abord des mesures urgentes d\u2019apaisement, indolores au budget de l\u2019Etat et pouvant \u00eatre prises en compte dans la loi des Finances 2021. Il s\u2019agit du paiement de la dette int\u00e9rieure \u00e0 travers sa titrisation (celle-ci s\u2019\u00e9l\u00e8ve d\u00e9j\u00e0 \u00e0 2000 milliards de F CFA)\u00a0; revoir le fonctionnement de l\u2019Attestation de Non-Redevance consid\u00e9r\u00e9 comme une embuscade fiscale\u00a0; la baisse d\u2019acc\u00e8s du co\u00fbt au contentieux fiscal et la suspension tout au long de l\u2019ann\u00e9e 2021 des v\u00e9rifications g\u00e9n\u00e9rales(fiscaux, douaniers, Cnps).<\/p>\n<p><strong>Lire aussi<\/strong> : <a href=\"https:\/\/ecomatin.net\/covid-19-le-gicam-revendique-un-plan-de-relance-economique\/\">Le Gicam revendique un plan de relance \u00e9conomique<\/a><\/p>\n<p>En deuxi\u00e8me ressort, le patronat propose des mesures \u00e0 caract\u00e8re financier, bancaire et fiscal. Il s\u2019agit plus pr\u00e9cis\u00e9ment de l\u2019am\u00e9nagement des r\u00e8gles de provisions de la COBAC afin de permettre aux banques d\u2019accorder des reports d\u2019\u00e9ch\u00e9ances de paiement, la mise en place de fonds de soutiens aux grandes entreprises et aux PME avec des emprunts garantis par l\u2019Etat pour obtenir des taux bonifi\u00e9s et l\u2019octroi de subventions \u00e0 certaines fili\u00e8res et secteurs tr\u00e8s touch\u00e9s par la pand\u00e9mie. Au plan fiscal, le Gicam propose au gouvernement un changement de paradigme visant \u00e0 sortir du syst\u00e8me d\u2019imposition bas\u00e9 sur le chiffre d\u2019affaires. \u00ab\u00a0Nous ne le r\u00e9p\u00e8terons jamais assez, le minimum de perception de l\u2019IS bas\u00e9 sur le chiffre d\u2019affaires rend notre fiscalit\u00e9 confiscatoire \u00e0 certains \u00e9gards et ne permet pas d\u2019\u00e9largir l\u2019assiette fiscale. De plus, il alimente l\u2019informel en d\u00e9courageant les migrations vers le formel et en poussant m\u00eame parfois au chemin inverse, du formel \u00e0 l\u2019informel\u00a0\u00bb pr\u00e9cise C\u00e9lestin Tawamba.<\/p>\n<p>En troisi\u00e8me ressort, il y\u2019a des mesures d\u2019ordre \u00e9conomique et structurel tel que la promotion des fili\u00e8res prioritaires, du \u00ab\u00a0local content\u00a0\u00bb et la promotion des champions nationaux et de la pr\u00e9f\u00e9rence nationale\u00a0\u00bb.<\/p>\n<p><strong>Lire aussi<\/strong> : <a href=\"https:\/\/ecomatin.net\/covid-19-le-gicam-insatisfait-des-mesures-dassouplissement-du-gouvernement\/\">Le Gicam insatisfait des mesures d\u2019assouplissement du gouvernement<\/a><\/p>\n<div class=\"awac-wrapper awac widget posts-list-widget-11\">\n<h4 class=\"widget-title\">Le plus r\u00e9cent<\/h4>\n<\/div>\n<p>Auteur: Eco Matin<br \/>\n<a href=\"https:\/\/ecomatin.net\/relance-post-covid-les-propositions-du-gicam-pour-sauver-le-secteur-prive\/\">Cliquez ici pour lire l&rsquo;article depuis sa source.<\/a><\/p>\n","protected":false},"excerpt":{"rendered":"<p>La prise de parole de C\u00e9lestin Tawamba, pr\u00e9sident du Gicam, \u00e9tait l\u2019un des points les plus attendu de cette rencontre de discussion entre l\u2019Etat et le secteur priv\u00e9. Cette 11e \u00e9dition du Cameroon business Forum(Cbf) s\u2019est tenue dans un contexte marqu\u00e9 par la pand\u00e9mie du coronavirus et dont les effets sur l\u2019\u00e9conomie ne cessent de [&hellip;]<\/p>\n","protected":false},"author":1969,"featured_media":0,"comment_status":"closed","ping_status":"closed","sticky":false,"template":"","format":"standard","meta":{"fifu_image_url":"","fifu_image_alt":"","footnotes":""},"categories":[82,78],"tags":[],"class_list":["post-102631","post","type-post","status-publish","format-standard","hentry","category-cameroun","category-economie"],"_links":{"self":[{"href":"https:\/\/linitiative.ca\/International\/wp-json\/wp\/v2\/posts\/102631","targetHints":{"allow":["GET"]}}],"collection":[{"href":"https:\/\/linitiative.ca\/International\/wp-json\/wp\/v2\/posts"}],"about":[{"href":"https:\/\/linitiative.ca\/International\/wp-json\/wp\/v2\/types\/post"}],"author":[{"embeddable":true,"href":"https:\/\/linitiative.ca\/International\/wp-json\/wp\/v2\/users\/1969"}],"replies":[{"embeddable":true,"href":"https:\/\/linitiative.ca\/International\/wp-json\/wp\/v2\/comments?post=102631"}],"version-history":[{"count":0,"href":"https:\/\/linitiative.ca\/International\/wp-json\/wp\/v2\/posts\/102631\/revisions"}],"wp:attachment":[{"href":"https:\/\/linitiative.ca\/International\/wp-json\/wp\/v2\/media?parent=102631"}],"wp:term":[{"taxonomy":"category","embeddable":true,"href":"https:\/\/linitiative.ca\/International\/wp-json\/wp\/v2\/categories?post=102631"},{"taxonomy":"post_tag","embeddable":true,"href":"https:\/\/linitiative.ca\/International\/wp-json\/wp\/v2\/tags?post=102631"}],"curies":[{"name":"wp","href":"https:\/\/api.w.org\/{rel}","templated":true}]}}