{"id":102644,"date":"2020-10-24T11:40:46","date_gmt":"2020-10-24T15:40:46","guid":{"rendered":"https:\/\/linitiative.ca\/International\/le-wali-ahmidouch-invite-les-entreprises-privees-de-casablanca-a-mettre-en-place-et-generaliser-le-teletravail\/"},"modified":"2020-10-24T11:40:46","modified_gmt":"2020-10-24T15:40:46","slug":"le-wali-ahmidouch-invite-les-entreprises-privees-de-casablanca-a-mettre-en-place-et-generaliser-le-teletravail","status":"publish","type":"post","link":"https:\/\/linitiative.ca\/International\/le-wali-ahmidouch-invite-les-entreprises-privees-de-casablanca-a-mettre-en-place-et-generaliser-le-teletravail\/","title":{"rendered":"Le wali Ahmidouch invite les entreprises priv\u00e9es de Casablanca \u00e0 mettre en place et g\u00e9n\u00e9raliser le t\u00e9l\u00e9travail"},"content":{"rendered":"<header>\n<\/header>\n<div class=\"entry-content clearfix\" readability=\"46\"><img decoding=\"async\" class=\"post_layout_5_img\" src=\"http:\/\/aujourdhui.ma\/wp-content\/uploads\/2020\/06\/Said-Ahmidouch.jpg\" alt=\"Le wali Ahmidouch invite les entreprises priv&#xE9;es de Casablanca &#xE0; mettre en place et g&#xE9;n&#xE9;raliser le t&#xE9;l&#xE9;travail\"\/><\/p>\n<p><span class=\"c5\"><strong>Suite \u00e0 la d\u00e9cision gouvernementale prise vendredi dernier pour lutter contre le coronavirus \u00e0 Casablanca-Settat, le wali de la r\u00e9gion appelle, apr\u00e8s concertation avec la CGEM, \u00abtoutes les entreprises du priv\u00e9 \u00e0 inciter leurs employ\u00e9s au t\u00e9l\u00e9travail\u00bb.<\/strong><\/span><span id=\"more-358846\"\/><\/p>\n<p>Le tout en mettant \u00e0 leur disposition tous les moyens n\u00e9cessaires. Aussi, les entreprises si\u00e9geant dans la r\u00e9gion sont, selon un communiqu\u00e9 du minist\u00e8re de l\u2019int\u00e9rieur, vivement invit\u00e9es \u00e0 respecter toutes les mesures de pr\u00e9caution en vigueur dans les lieux de travail et unit\u00e9s de production. Pour rappel, cet appel au t\u00e9l\u00e9travail est lanc\u00e9 vu le nombre grandissant de cas Covid-19.<\/p>\n<\/div>\n<p>Auteur: ALM<br \/>\n<a href=\"https:\/\/aujourdhui.ma\/actualite\/le-wali-ahmidouch-invite-les-entreprises-privees-de-casablanca-a-mettre-en-place-et-generaliser-le-teletravail\">Cliquez ici pour lire l&rsquo;article depuis sa source.<\/a><\/p>\n","protected":false},"excerpt":{"rendered":"<p>Suite \u00e0 la d\u00e9cision gouvernementale prise vendredi dernier pour lutter contre le coronavirus \u00e0 Casablanca-Settat, le wali de la r\u00e9gion appelle, apr\u00e8s concertation avec la CGEM, \u00abtoutes les entreprises du priv\u00e9 \u00e0 inciter leurs employ\u00e9s au t\u00e9l\u00e9travail\u00bb. Le tout en mettant \u00e0 leur disposition tous les moyens n\u00e9cessaires. Aussi, les entreprises si\u00e9geant dans la r\u00e9gion [&hellip;]<\/p>\n","protected":false},"author":1759,"featured_media":102645,"comment_status":"closed","ping_status":"closed","sticky":false,"template":"","format":"standard","meta":{"fifu_image_url":"","fifu_image_alt":"","footnotes":""},"categories":[73,54],"tags":[],"class_list":["post-102644","post","type-post","status-publish","format-standard","has-post-thumbnail","hentry","category-actualite","category-maroc"],"_links":{"self":[{"href":"https:\/\/linitiative.ca\/International\/wp-json\/wp\/v2\/posts\/102644","targetHints":{"allow":["GET"]}}],"collection":[{"href":"https:\/\/linitiative.ca\/International\/wp-json\/wp\/v2\/posts"}],"about":[{"href":"https:\/\/linitiative.ca\/International\/wp-json\/wp\/v2\/types\/post"}],"author":[{"embeddable":true,"href":"https:\/\/linitiative.ca\/International\/wp-json\/wp\/v2\/users\/1759"}],"replies":[{"embeddable":true,"href":"https:\/\/linitiative.ca\/International\/wp-json\/wp\/v2\/comments?post=102644"}],"version-history":[{"count":0,"href":"https:\/\/linitiative.ca\/International\/wp-json\/wp\/v2\/posts\/102644\/revisions"}],"wp:featuredmedia":[{"embeddable":true,"href":"https:\/\/linitiative.ca\/International\/wp-json\/"}],"wp:attachment":[{"href":"https:\/\/linitiative.ca\/International\/wp-json\/wp\/v2\/media?parent=102644"}],"wp:term":[{"taxonomy":"category","embeddable":true,"href":"https:\/\/linitiative.ca\/International\/wp-json\/wp\/v2\/categories?post=102644"},{"taxonomy":"post_tag","embeddable":true,"href":"https:\/\/linitiative.ca\/International\/wp-json\/wp\/v2\/tags?post=102644"}],"curies":[{"name":"wp","href":"https:\/\/api.w.org\/{rel}","templated":true}]}}