{"id":102651,"date":"2020-10-24T12:53:50","date_gmt":"2020-10-24T16:53:50","guid":{"rendered":"https:\/\/linitiative.ca\/International\/installation-de-la-commission-regionale-des-droits-de-lhomme\/"},"modified":"2020-10-24T12:53:50","modified_gmt":"2020-10-24T16:53:50","slug":"installation-de-la-commission-regionale-des-droits-de-lhomme","status":"publish","type":"post","link":"https:\/\/linitiative.ca\/International\/installation-de-la-commission-regionale-des-droits-de-lhomme\/","title":{"rendered":"Installation de la Commission R\u00e9gionale des Droits de l\u2019Homme"},"content":{"rendered":"<p><iframe loading=\"lazy\" width=\"1170\" height=\"658\" src=\"https:\/\/www.youtube.com\/embed\/xXUWsIIqhz0?feature=oembed\" frameborder=\"0\" allow=\"accelerometer; autoplay; clipboard-write; encrypted-media; gyroscope; picture-in-picture\" allowfullscreen=\"\">[embedded content]<\/iframe><\/p>\n<div class=\"post-header-inner post-header-title\">\n<p><span class=\"time\"><time class=\"post-published updated\" datetime=\"2020-10-24T17:53:50+00:00\"><strong>24 octobre 2020<\/strong><\/time><\/span><\/p>\n<\/div>\n<div class=\"single-post-excerpt post-excerpt-bc\" readability=\"37\">\n<p>Les membres de la Commission R\u00e9gionale des Droits de l\u2019Homme (CRDH) de Marrakech-Safi ont \u00e9t\u00e9 install\u00e9s dans leurs fonctions, jeudi dans la cit\u00e9 ocre, par la pr\u00e9sidente du Conseil National des Droits de l\u2019Homme (CNDH), Amina Bouayach.<\/p>\n<\/div>\n<p>Auteur: Meriem IGASS<br \/>\n<a href=\"http:\/\/www.mapmarrakech.ma\/fr\/installation-de-la-commission-regionale-des-droits-de-lhomme-2\/\">Cliquez ici pour lire l&rsquo;article depuis sa source.<\/a><\/p>\n","protected":false},"excerpt":{"rendered":"<p>[embedded content] 24 octobre 2020 Les membres de la Commission R\u00e9gionale des Droits de l\u2019Homme (CRDH) de Marrakech-Safi ont \u00e9t\u00e9 install\u00e9s dans leurs fonctions, jeudi dans la cit\u00e9 ocre, par la pr\u00e9sidente du Conseil National des Droits de l\u2019Homme (CNDH), Amina Bouayach. Auteur: Meriem IGASS Cliquez ici pour lire l&rsquo;article depuis sa source.<\/p>\n","protected":false},"author":1788,"featured_media":0,"comment_status":"closed","ping_status":"closed","sticky":false,"template":"","format":"standard","meta":{"fifu_image_url":"","fifu_image_alt":"","footnotes":""},"categories":[54,76],"tags":[],"class_list":["post-102651","post","type-post","status-publish","format-standard","hentry","category-maroc","category-regions"],"_links":{"self":[{"href":"https:\/\/linitiative.ca\/International\/wp-json\/wp\/v2\/posts\/102651","targetHints":{"allow":["GET"]}}],"collection":[{"href":"https:\/\/linitiative.ca\/International\/wp-json\/wp\/v2\/posts"}],"about":[{"href":"https:\/\/linitiative.ca\/International\/wp-json\/wp\/v2\/types\/post"}],"author":[{"embeddable":true,"href":"https:\/\/linitiative.ca\/International\/wp-json\/wp\/v2\/users\/1788"}],"replies":[{"embeddable":true,"href":"https:\/\/linitiative.ca\/International\/wp-json\/wp\/v2\/comments?post=102651"}],"version-history":[{"count":0,"href":"https:\/\/linitiative.ca\/International\/wp-json\/wp\/v2\/posts\/102651\/revisions"}],"wp:attachment":[{"href":"https:\/\/linitiative.ca\/International\/wp-json\/wp\/v2\/media?parent=102651"}],"wp:term":[{"taxonomy":"category","embeddable":true,"href":"https:\/\/linitiative.ca\/International\/wp-json\/wp\/v2\/categories?post=102651"},{"taxonomy":"post_tag","embeddable":true,"href":"https:\/\/linitiative.ca\/International\/wp-json\/wp\/v2\/tags?post=102651"}],"curies":[{"name":"wp","href":"https:\/\/api.w.org\/{rel}","templated":true}]}}