{"id":102655,"date":"2020-10-24T13:21:22","date_gmt":"2020-10-24T17:21:22","guid":{"rendered":"https:\/\/linitiative.ca\/International\/le-capdel-lance-son-2e-incubateur-associatif-de-formation-pour-des-associations-de-8-communes-pilotes\/"},"modified":"2020-10-24T13:21:22","modified_gmt":"2020-10-24T17:21:22","slug":"le-capdel-lance-son-2e-incubateur-associatif-de-formation-pour-des-associations-de-8-communes-pilotes","status":"publish","type":"post","link":"https:\/\/linitiative.ca\/International\/le-capdel-lance-son-2e-incubateur-associatif-de-formation-pour-des-associations-de-8-communes-pilotes\/","title":{"rendered":"Le CapDeL lance son 2e \u00ab\u00a0incubateur associatif\u00a0\u00bb de formation pour des associations de 8 communes pilotes"},"content":{"rendered":"<div readability=\"37\">\n<p><strong>ALGER &#8211; Le programme de renforcement des capacit\u00e9s des acteurs du d\u00e9veloppement local en particulier celles des organisations de la Soci\u00e9t\u00e9 civile (CapDel) a lanc\u00e9 son second \u00ab\u00a0Incubateur associatif\u00a0\u00bb de formation au profit des associations, au niveau des huit communes pilotes du projet, indique samedi un communiqu\u00e9 du Programme.<\/strong><\/p>\n<\/div>\n<div readability=\"101.81978171896\">\n<p>La mise en \u0153uvre des incubateurs locaux intervient apr\u00e8s le lancement, en ao\u00fbt dernier, du 2e appel \u00e0 proposition de projets associatifs de d\u00e9veloppement local dans les communes pilotes de Babar (Khenchela), Djanet (Illizi), Djemila (S\u00e9tif), El Khroub (Constantine), Messaad (Djelfa), Ghazaouet (Tlemcen), Ouled Ben Abddelkader (Chlef) et Timimoun (Adrar), pr\u00e9cise la m\u00eame source.<\/p>\n<p>Pour ce faire, le Programme souligne que les formations seront organis\u00e9es en deux sessions de 5 jours chacune au profit de \u00ab\u00a0cadres associatifs d\u2019une soixantaine d\u2019associations dont les projets ont \u00e9t\u00e9 pr\u00e9s\u00e9lectionn\u00e9s pour b\u00e9n\u00e9ficier d\u2019un processus d\u2019incubation, sur un total de 112 id\u00e9es de projets re\u00e7ues\u00a0\u00bb.<\/p>\n<blockquote readability=\"14\">\n<p><em><strong>Ces associations de la soci\u00e9t\u00e9 civile, ajoute le communiqu\u00e9, b\u00e9n\u00e9ficieront d'\u00a0\u00bbune formation-action, appuy\u00e9e par des outils p\u00e9dagogiques et m\u00e9thodologiques, sur la gestion du cycle de projet, mais aussi, sur la planification territoriale, la vision associative et le partenariat\u00a0\u00bb.<\/strong><\/em><\/p>\n<\/blockquote>\n<p>Par la suite, un coaching individualis\u00e9 par association leur sera assur\u00e9 pour la finalisation du projet et \u00e0 l&rsquo;issue de ce processus d\u2019incubation, les projets les plus aboutis b\u00e9n\u00e9ficieront d\u2019un financement par le CapDel, explique-t-on, avant de souligner que la nouvelle approche de gouvernance locale concert\u00e9e conf\u00e8re \u00e0 la soci\u00e9t\u00e9 civile un r\u00f4le cl\u00e9 dans le processus du d\u00e9veloppement communal et ce, d&rsquo;une part, \u00e0 travers une participation plus active et plus efficace dans les processus de gouvernance et de d\u00e9veloppement local, et, d\u2019autre part, par la mise en \u0153uvre de projets associatifs qui ont un impact sur le d\u00e9veloppement local, notamment \u00e9conomique.<\/p>\n<hr\/>\n<h3>Lire aussi:\u00a0<a href=\"http:\/\/www.aps.dz\/economie\/107936-le-capdel-lance-son-2e-appel-a-projets-a-l-intention-des-associations-des-communes-pilotes\" target=\"_blank\" rel=\"noopener noreferrer\">Le CapDeL lance son 2e appel \u00e0 projets \u00e0 l\u2019intention des associations des communes pilotes<\/a><\/h3>\n<hr\/>\n<p>Le Programme fait savoir que les th\u00e9matiques dans lesquelles s\u2019inscrivent les propositions de projets ont \u00e9t\u00e9 d\u00e9j\u00e0 identifi\u00e9es par les acteurs locaux eux-m\u00eames et de mani\u00e8re concert\u00e9e, comme prioritaires pour le d\u00e9veloppement de leur commune. Elles permettront aux projets associatifs d'\u00a0\u00bb\u00eatre ancr\u00e9s dans la r\u00e9alit\u00e9 du territoire et participeront directement \u00e0 la mise en \u0153uvre du nouveau Plan communal de d\u00e9veloppement (PCD) \u2018de nouvelle g\u00e9n\u00e9ration\u2019, \u00e9labor\u00e9 au sein des Conseil consultatif communaux install\u00e9s dans chacune des communes pilotes, avec l\u2019accompagnement du CapDel.<\/p>\n<p>D&rsquo;un autre c\u00f4t\u00e9, le communiqu\u00e9 indique que les projets associatifs se doivent d'\u00a0\u00bbimpliquer les diff\u00e9rents niveaux de gouvernance locale (commune-da\u00efra-wilaya) et encourager autant que possible l\u2019intercommunalit\u00e9. Ils int\u00e8greront les dimensions d\u2019inclusion sociale et territoriale (jeunes, femmes, personnes en situation d\u2019handicap, zones d\u00e9favoris\u00e9es ou marginalis\u00e9es du territoire) et de durabilit\u00e9 socio-\u00e9conomique et environnementale (emplois dignes et durables, gestion durable des ressources, \u00e9nergies propres)\u00a0\u00bb.<\/p>\n<blockquote readability=\"9\">\n<p><em><strong>Le CapDeL est un programme promu par le minist\u00e8re de l\u2019Int\u00e9rieur, des Collectivit\u00e9s locales et de l\u2019Am\u00e9nagement du territoire et le Programme des Nations unies pour le D\u00e9veloppement (PNUD), avec le soutien de l\u2019Union Europ\u00e9enne.<\/strong><\/em><\/p>\n<\/blockquote>\n<p>A travers le renforcement des capacit\u00e9s des acteurs du d\u00e9veloppement local, il vise la promotion d\u2019une gouvernance locale concert\u00e9e et transparente, le renforcement de la coh\u00e9sion sociale et l\u2019\u00e9mergence d\u2019une \u00e9conomie locale solidaire et diversifi\u00e9e.<\/p>\n<p>Le CapDeL est mis en \u0153uvre dans des communes mod\u00e8les, repr\u00e9sentatives de la richesse et de la diversit\u00e9 du territoire national. Son approche contribue \u00e0 la localisation des Objectifs de D\u00e9veloppement Durable.<\/p>\n<\/div>\n<p>Auteur:<br \/>\n<a href=\"http:\/\/www.aps.dz\/regions\/111684-le-capdel-lance-son-2e-incubateur-associatif-de-formation-pour-des-associations-de-8-communes-pilotes\">Cliquez ici pour lire l&rsquo;article depuis sa source.<\/a><\/p>\n","protected":false},"excerpt":{"rendered":"<p>ALGER &#8211; Le programme de renforcement des capacit\u00e9s des acteurs du d\u00e9veloppement local en particulier celles des organisations de la Soci\u00e9t\u00e9 civile (CapDel) a lanc\u00e9 son second \u00ab\u00a0Incubateur associatif\u00a0\u00bb de formation au profit des associations, au niveau des huit communes pilotes du projet, indique samedi un communiqu\u00e9 du Programme. La mise en \u0153uvre des incubateurs [&hellip;]<\/p>\n","protected":false},"author":1790,"featured_media":0,"comment_status":"closed","ping_status":"closed","sticky":false,"template":"","format":"standard","meta":{"fifu_image_url":"","fifu_image_alt":"","footnotes":""},"categories":[53,76],"tags":[],"class_list":["post-102655","post","type-post","status-publish","format-standard","hentry","category-algerie","category-regions"],"_links":{"self":[{"href":"https:\/\/linitiative.ca\/International\/wp-json\/wp\/v2\/posts\/102655","targetHints":{"allow":["GET"]}}],"collection":[{"href":"https:\/\/linitiative.ca\/International\/wp-json\/wp\/v2\/posts"}],"about":[{"href":"https:\/\/linitiative.ca\/International\/wp-json\/wp\/v2\/types\/post"}],"author":[{"embeddable":true,"href":"https:\/\/linitiative.ca\/International\/wp-json\/wp\/v2\/users\/1790"}],"replies":[{"embeddable":true,"href":"https:\/\/linitiative.ca\/International\/wp-json\/wp\/v2\/comments?post=102655"}],"version-history":[{"count":0,"href":"https:\/\/linitiative.ca\/International\/wp-json\/wp\/v2\/posts\/102655\/revisions"}],"wp:attachment":[{"href":"https:\/\/linitiative.ca\/International\/wp-json\/wp\/v2\/media?parent=102655"}],"wp:term":[{"taxonomy":"category","embeddable":true,"href":"https:\/\/linitiative.ca\/International\/wp-json\/wp\/v2\/categories?post=102655"},{"taxonomy":"post_tag","embeddable":true,"href":"https:\/\/linitiative.ca\/International\/wp-json\/wp\/v2\/tags?post=102655"}],"curies":[{"name":"wp","href":"https:\/\/api.w.org\/{rel}","templated":true}]}}