{"id":102656,"date":"2020-10-24T13:46:56","date_gmt":"2020-10-24T17:46:56","guid":{"rendered":"https:\/\/linitiative.ca\/International\/el-kala-des-actions-de-sensibilisation-pour-preserver-les-habitats-humides-a-oued-messida\/"},"modified":"2020-10-24T13:46:56","modified_gmt":"2020-10-24T17:46:56","slug":"el-kala-des-actions-de-sensibilisation-pour-preserver-les-habitats-humides-a-oued-messida","status":"publish","type":"post","link":"https:\/\/linitiative.ca\/International\/el-kala-des-actions-de-sensibilisation-pour-preserver-les-habitats-humides-a-oued-messida\/","title":{"rendered":"El Kala: des actions de sensibilisation pour pr\u00e9server les habitats humides \u00e0 Oued Messida"},"content":{"rendered":"<div readability=\"38\">\n<p><strong>EL TARF, 24 oct 2020 (APS) &#8211; Plusieurs\u00a0 actions de sensibilisation \u00e0 l&rsquo;importance de la pr\u00e9servation des habitats humides n\u00e9cessaires \u00e0 la survie des poissons migrateurs ont \u00e9t\u00e9 organis\u00e9es samedi au niveau du site de l&rsquo;oued Messida (El Kala) dans la wilaya d\u2019El Tarf \u00e0 l&rsquo;occasion de la c\u00e9l\u00e9bration, pour la premi\u00e8re fois en Alg\u00e9rie, de la journ\u00e9e mondiale des poissons migrateurs.<\/strong><\/p>\n<\/div>\n<div readability=\"89.5\">\n<p>Ce bouquet d&rsquo;activit\u00e9s ciblant, enfants et associations vers\u00e9es dans la protection de l&rsquo;environnement et des ressources halieutiques, principalement les anguilles, a \u00e9t\u00e9 propos\u00e9, a indiqu\u00e9 Hamida Chefia, directrice de la station d&rsquo;El Kala relevant du centre national de la recherche et le d\u00e9veloppement de la p\u00eache et de l&rsquo;aquaculture, avec la participation, notamment, du parc national d&rsquo;El Kala (PNEK), l&rsquo;association locale \u00a0\u00bbenfant et protection de l&rsquo;environnement\u00a0\u00bb et l&rsquo;association des anguilles d&rsquo;El Tarf.<\/p>\n<p>Intervenant dans un contexte particulier marqu\u00e9 par la propagation de la pand\u00e9mie du nouveau coronavirus, la c\u00e9l\u00e9bration de la Journ\u00e9e mondiale des poissons migrateurs a pour objectif, selon Hamida Chefia, de sensibiliser la population \u00e0 la n\u00e9cessit\u00e9 de prot\u00e9ger les habitats humides qui sont primordiaux dans le cycle de vie des poissons.<\/p>\n<blockquote readability=\"8\">\n<p><em><strong>Inculquer \u00e0 l&rsquo;enfant le r\u00e9flexe de participer \u00e0 cette action de pr\u00e9servation des zones humides qui renferment l&rsquo;ensemble des besoins des poissons a constitu\u00e9 l&rsquo;un des axes essentiels du programme de sensibilisation, a-t-elle pr\u00e9cis\u00e9.<\/strong><\/em><\/p>\n<\/blockquote>\n<p>La directrice de la station d&rsquo;El Kala a mis en relief, dans ce contexte, la n\u00e9cessit\u00e9 de veiller \u00e0 la propret\u00e9 de ces abris qui constituent un lien entre les rivi\u00e8res pour une migration saine \u00e0 travers ces milieux ad\u00e9quats, avant de souligner que l&rsquo;int\u00e9r\u00eat de la sensibilisation de l&rsquo;enfant et, \u00e0 travers lui, l&rsquo;adulte de demain, s&rsquo;av\u00e8re aujourd&rsquo;hui primordial.<\/p>\n<p>Pour cette responsable, les poissons migrateurs constituent un maillon crucial de la cha\u00eene alimentaire et jouent un r\u00f4le important dans les syst\u00e8mes fluviaux sains et productifs, d&rsquo;o\u00f9 les efforts d\u00e9ploy\u00e9s pour pr\u00e9server cette richesse et \u00e9viter son d\u00e9clin, a-t-elle affirm\u00e9.<\/p>\n<p>Une visite guid\u00e9e \u00e0 travers Oued Messida et un atelier de coloriage et de dessin au profit d&rsquo;une trentaine d&rsquo;enfants ont \u00e9t\u00e9 organis\u00e9s au niveau de ce site f\u00e9\u00e9rique qui a \u00e9t\u00e9 d\u00e9barrass\u00e9 des d\u00e9tritus et ordures portant pr\u00e9judice \u00e0 l&rsquo;environnement.<\/p>\n<p>L&rsquo;importante quantit\u00e9 de d\u00e9chets collect\u00e9e a \u00e9t\u00e9 aussit\u00f4t achemin\u00e9e vers le centre d\u2019enfouissement technique des d\u00e9chets (CET) de Ramel Essouk, a-t-on not\u00e9.<\/p>\n<p>Une op\u00e9ration de reboisement symbolique a \u00e9t\u00e9 en outre lanc\u00e9e aux abords de cet Oued, au bonheur des petits et grands dont cette journ\u00e9e en plein air, a permis de respirer un bon bol d&rsquo;air frais et surtout de sortir de la routine impos\u00e9e, depuis des mois, par la crise sanitaire li\u00e9e \u00e0 la covid-19.<\/p>\n<\/div>\n<p>Auteur:<br \/>\n<a href=\"http:\/\/www.aps.dz\/regions\/111689-el-kala-des-actions-de-sensibilisation-pour-preserver-les-habitats-humides-a-oued-messida\">Cliquez ici pour lire l&rsquo;article depuis sa source.<\/a><\/p>\n","protected":false},"excerpt":{"rendered":"<p>EL TARF, 24 oct 2020 (APS) &#8211; Plusieurs\u00a0 actions de sensibilisation \u00e0 l&rsquo;importance de la pr\u00e9servation des habitats humides n\u00e9cessaires \u00e0 la survie des poissons migrateurs ont \u00e9t\u00e9 organis\u00e9es samedi au niveau du site de l&rsquo;oued Messida (El Kala) dans la wilaya d\u2019El Tarf \u00e0 l&rsquo;occasion de la c\u00e9l\u00e9bration, pour la premi\u00e8re fois en Alg\u00e9rie, [&hellip;]<\/p>\n","protected":false},"author":1790,"featured_media":0,"comment_status":"closed","ping_status":"closed","sticky":false,"template":"","format":"standard","meta":{"fifu_image_url":"","fifu_image_alt":"","footnotes":""},"categories":[53,76],"tags":[],"class_list":["post-102656","post","type-post","status-publish","format-standard","hentry","category-algerie","category-regions"],"_links":{"self":[{"href":"https:\/\/linitiative.ca\/International\/wp-json\/wp\/v2\/posts\/102656","targetHints":{"allow":["GET"]}}],"collection":[{"href":"https:\/\/linitiative.ca\/International\/wp-json\/wp\/v2\/posts"}],"about":[{"href":"https:\/\/linitiative.ca\/International\/wp-json\/wp\/v2\/types\/post"}],"author":[{"embeddable":true,"href":"https:\/\/linitiative.ca\/International\/wp-json\/wp\/v2\/users\/1790"}],"replies":[{"embeddable":true,"href":"https:\/\/linitiative.ca\/International\/wp-json\/wp\/v2\/comments?post=102656"}],"version-history":[{"count":0,"href":"https:\/\/linitiative.ca\/International\/wp-json\/wp\/v2\/posts\/102656\/revisions"}],"wp:attachment":[{"href":"https:\/\/linitiative.ca\/International\/wp-json\/wp\/v2\/media?parent=102656"}],"wp:term":[{"taxonomy":"category","embeddable":true,"href":"https:\/\/linitiative.ca\/International\/wp-json\/wp\/v2\/categories?post=102656"},{"taxonomy":"post_tag","embeddable":true,"href":"https:\/\/linitiative.ca\/International\/wp-json\/wp\/v2\/tags?post=102656"}],"curies":[{"name":"wp","href":"https:\/\/api.w.org\/{rel}","templated":true}]}}