{"id":102659,"date":"2020-10-24T14:53:38","date_gmt":"2020-10-24T18:53:38","guid":{"rendered":"https:\/\/linitiative.ca\/International\/restrictions-sur-les-importations-dalcool-ethylique\/"},"modified":"2020-10-24T14:53:38","modified_gmt":"2020-10-24T18:53:38","slug":"restrictions-sur-les-importations-dalcool-ethylique","status":"publish","type":"post","link":"https:\/\/linitiative.ca\/International\/restrictions-sur-les-importations-dalcool-ethylique\/","title":{"rendered":"Restrictions sur les importations d\u2019alcool \u00e9thylique"},"content":{"rendered":"<div class=\"body\">\n<div class=\"field field-name-body field-type-text-with-summary field-label-hidden\">\n<div class=\"field-items\" readability=\"8.5\">\n<div class=\"field-item even\" property=\"content:encoded\" readability=\"12\">\n<p class=\"rtejustify\">Les importations d\u2019alcool \u00e9thylique sont soumises \u00e0 licence depuis la publication d\u2019un arr\u00eat\u00e9 du minist\u00e8re de l\u2019Industrie au Bulletin officiel n\u00b06923 du 5 octobre 2020. Les restrictions quantitatives restent en vigueur jusqu\u2019au 5 janvier 2021. La mesure a pour objectif de prot\u00e9ger la seule unit\u00e9 locale produisant l\u2019alcool, qui avait \u00e9t\u00e9 d\u00e9truite dans un incendie et qui a \u00e9t\u00e9 restaur\u00e9e en un temps record pour permettre la fabrication des gels hydroalcooliques dans le cadre des mesures de lutte contre la propagation du coronavirus. A la reprise de ses activit\u00e9s, l\u2019usine pouvait fabriquer 240 hectolitres d\u2019\u00e9thanol par jour.<br \/><em>H.E. <\/em><\/p>\n<\/div>\n<\/div>\n<\/div>\n<\/div>\n<div class=\"eco-conseil\">\n<div class=\"view view-eco-conseil-16 view-id-eco_conseil_16 view-display-id-cookies view-dom-id-bac9e8a2444b66d170d9a8a7e748f050\">\n<div class=\"view-content\">\n<div id=\"views-bootstrap-grid-1\" class=\"views-bootstrap-grid-plugin-style\">\n<div class=\"row\">\n<div class=\" col-xs-12 col-lg-4\">\n<div class=\"row\">\n<div class=\"col col-xs-12 col-lg-12\">\n<div class=\"field-content\"><a href=\"\/article\/1068766-construction-modulaire-certification-triple-pour-touax-maroc\"><img loading=\"lazy\" decoding=\"async\" class=\"img-responsive\" typeof=\"foaf:Image\" src=\"https:\/\/www.leconomiste.com\/sites\/default\/files\/eco7\/public\/styles\/800x400\/public\/default_images\/default_une.jpg?itok=4jZlgnIZ\" width=\"660\" height=\"330\" alt=\"\"\/><\/a><\/div>\n<\/div>\n<div class=\" title_suite_2 col col-xs-12 col-lg-12\"> <a href=\"\/article\/1068766-construction-modulaire-certification-triple-pour-touax-maroc\"\/><span class=\"field-content\">Article 1068766<\/span><\/div>\n<\/div>\n<\/div>\n<div class=\" col-xs-12 col-lg-4\">\n<div class=\"row\">\n<div class=\"col col-xs-12 col-lg-12\">\n<div class=\"field-content\"><a href=\"\/article\/1068765-des-cellules-de-veille-anti-covid-dans-les-universites\"><img loading=\"lazy\" decoding=\"async\" class=\"img-responsive\" typeof=\"foaf:Image\" src=\"https:\/\/www.leconomiste.com\/sites\/default\/files\/eco7\/public\/styles\/800x400\/public\/default_images\/default_une.jpg?itok=4jZlgnIZ\" width=\"660\" height=\"330\" alt=\"\"\/><\/a><\/div>\n<\/div>\n<div class=\" title_suite_2 col col-xs-12 col-lg-12\"> <a href=\"\/article\/1068765-des-cellules-de-veille-anti-covid-dans-les-universites\"\/><span class=\"field-content\">Des cellules de veille anti-Covid dans les universit\u00e9s<\/span><\/div>\n<\/div>\n<\/div>\n<div class=\" col-xs-12 col-lg-4\">\n<div class=\"row\">\n<div class=\"col col-xs-12 col-lg-12\">\n<div class=\"field-content\"><a href=\"\/article\/1068763-un-logo-flambant-neuf-pour-mazars\"><img loading=\"lazy\" decoding=\"async\" class=\"img-responsive\" typeof=\"foaf:Image\" src=\"https:\/\/www.leconomiste.com\/sites\/default\/files\/eco7\/public\/styles\/800x400\/public\/default_images\/default_une.jpg?itok=4jZlgnIZ\" width=\"660\" height=\"330\" alt=\"\"\/><\/a><\/div>\n<\/div>\n<div class=\" title_suite_2 col col-xs-12 col-lg-12\"> <a href=\"\/article\/1068763-un-logo-flambant-neuf-pour-mazars\"\/><span class=\"field-content\">Un logo flambant neuf pour Mazars<\/span><\/div>\n<\/div>\n<\/div>\n<\/div>\n<\/div>\n<\/div>\n<\/div>\n<\/div>\n<p>Auteur: hlafriqi<br \/>\n<a href=\"https:\/\/www.leconomiste.com\/article\/1068761-restrictions-sur-les-importations-d-alcool-ethylique\">Cliquez ici pour lire l&rsquo;article depuis sa source.<\/a><\/p>\n","protected":false},"excerpt":{"rendered":"<p>Les importations d\u2019alcool \u00e9thylique sont soumises \u00e0 licence depuis la publication d\u2019un arr\u00eat\u00e9 du minist\u00e8re de l\u2019Industrie au Bulletin officiel n\u00b06923 du 5 octobre 2020. Les restrictions quantitatives restent en vigueur jusqu\u2019au 5 janvier 2021. La mesure a pour objectif de prot\u00e9ger la seule unit\u00e9 locale produisant l\u2019alcool, qui avait \u00e9t\u00e9 d\u00e9truite dans un incendie [&hellip;]<\/p>\n","protected":false},"author":1763,"featured_media":0,"comment_status":"closed","ping_status":"closed","sticky":false,"template":"","format":"standard","meta":{"fifu_image_url":"","fifu_image_alt":"","footnotes":""},"categories":[78,54],"tags":[],"class_list":["post-102659","post","type-post","status-publish","format-standard","hentry","category-economie","category-maroc"],"_links":{"self":[{"href":"https:\/\/linitiative.ca\/International\/wp-json\/wp\/v2\/posts\/102659","targetHints":{"allow":["GET"]}}],"collection":[{"href":"https:\/\/linitiative.ca\/International\/wp-json\/wp\/v2\/posts"}],"about":[{"href":"https:\/\/linitiative.ca\/International\/wp-json\/wp\/v2\/types\/post"}],"author":[{"embeddable":true,"href":"https:\/\/linitiative.ca\/International\/wp-json\/wp\/v2\/users\/1763"}],"replies":[{"embeddable":true,"href":"https:\/\/linitiative.ca\/International\/wp-json\/wp\/v2\/comments?post=102659"}],"version-history":[{"count":0,"href":"https:\/\/linitiative.ca\/International\/wp-json\/wp\/v2\/posts\/102659\/revisions"}],"wp:attachment":[{"href":"https:\/\/linitiative.ca\/International\/wp-json\/wp\/v2\/media?parent=102659"}],"wp:term":[{"taxonomy":"category","embeddable":true,"href":"https:\/\/linitiative.ca\/International\/wp-json\/wp\/v2\/categories?post=102659"},{"taxonomy":"post_tag","embeddable":true,"href":"https:\/\/linitiative.ca\/International\/wp-json\/wp\/v2\/tags?post=102659"}],"curies":[{"name":"wp","href":"https:\/\/api.w.org\/{rel}","templated":true}]}}