{"id":102660,"date":"2020-10-24T14:53:40","date_gmt":"2020-10-24T18:53:40","guid":{"rendered":"https:\/\/linitiative.ca\/International\/de-nouveaux-locaux-pour-le-centre-dinnovation-de-pwc\/"},"modified":"2020-10-24T14:53:40","modified_gmt":"2020-10-24T18:53:40","slug":"de-nouveaux-locaux-pour-le-centre-dinnovation-de-pwc","status":"publish","type":"post","link":"https:\/\/linitiative.ca\/International\/de-nouveaux-locaux-pour-le-centre-dinnovation-de-pwc\/","title":{"rendered":"De nouveaux locaux pour le centre d\u2019innovation de PWC"},"content":{"rendered":"<div class=\"author\" readability=\"5.6949152542373\"> Par <a href=\"\/content\/ahlam-nazih\"> Ahlam NAZIH<\/a> <a href=\"\/node\/\"> <\/a> | Edition N\u00b0:5870 Le 22\/10\/2020 | Partager <\/div>\n<div class=\"body\">\n<div class=\"field field-name-body field-type-text-with-summary field-label-hidden\">\n<div class=\"field-items\" readability=\"10.5\">\n<div class=\"field-item even\" property=\"content:encoded\" readability=\"16\">\n<p class=\"rtejustify\">\u00abL\u2019Experience Center\u00bb de PWC, centre d\u2019innovation et de co-cr\u00e9ation de solutions pour entreprises, change de cadre avec de nouveaux locaux au 18e \u00e9tage de la tour CFC \u00e0 Casablanca. Le centre, connect\u00e9 \u00e0 40 Experience centers dans le monde, est d\u00e9sormais compos\u00e9 de trois espaces de travail, correspondant aux diff\u00e9rentes phases de d\u00e9veloppement de projets: des lieux de vie du projet, un espace de tests et un openspace multiusages. PWC travaille actuellement sur la refonte de l\u2019exp\u00e9rience <em>client Colis &amp; Logistique Amana de Barid Al Maghrib.<br \/>A.Na\u00a0 <\/em><\/p>\n<\/div>\n<\/div>\n<\/div>\n<\/div>\n<div class=\"eco-conseil\">\n<div class=\"view view-eco-conseil-16 view-id-eco_conseil_16 view-display-id-cookies view-dom-id-44963ae00937f90030571a90436a1e32\">\n<div class=\"view-content\">\n<div id=\"views-bootstrap-grid-1\" class=\"views-bootstrap-grid-plugin-style\">\n<div class=\"row\">\n<div class=\" col-xs-12 col-lg-4\">\n<div class=\"row\">\n<div class=\"col col-xs-12 col-lg-12\">\n<div class=\"field-content\"><a href=\"\/article\/1068766-construction-modulaire-certification-triple-pour-touax-maroc\"><img loading=\"lazy\" decoding=\"async\" class=\"img-responsive\" typeof=\"foaf:Image\" src=\"https:\/\/www.leconomiste.com\/sites\/default\/files\/eco7\/public\/styles\/800x400\/public\/default_images\/default_une.jpg?itok=4jZlgnIZ\" width=\"660\" height=\"330\" alt=\"\"\/><\/a><\/div>\n<\/div>\n<div class=\" title_suite_2 col col-xs-12 col-lg-12\"> <a href=\"\/article\/1068766-construction-modulaire-certification-triple-pour-touax-maroc\"\/><span class=\"field-content\">Article 1068766<\/span><\/div>\n<\/div>\n<\/div>\n<div class=\" col-xs-12 col-lg-4\">\n<div class=\"row\">\n<div class=\"col col-xs-12 col-lg-12\">\n<div class=\"field-content\"><a href=\"\/article\/1068765-des-cellules-de-veille-anti-covid-dans-les-universites\"><img loading=\"lazy\" decoding=\"async\" class=\"img-responsive\" typeof=\"foaf:Image\" src=\"https:\/\/www.leconomiste.com\/sites\/default\/files\/eco7\/public\/styles\/800x400\/public\/default_images\/default_une.jpg?itok=4jZlgnIZ\" width=\"660\" height=\"330\" alt=\"\"\/><\/a><\/div>\n<\/div>\n<div class=\" title_suite_2 col col-xs-12 col-lg-12\"> <a href=\"\/article\/1068765-des-cellules-de-veille-anti-covid-dans-les-universites\"\/><span class=\"field-content\">Des cellules de veille anti-Covid dans les universit\u00e9s<\/span><\/div>\n<\/div>\n<\/div>\n<div class=\" col-xs-12 col-lg-4\">\n<div class=\"row\">\n<div class=\"col col-xs-12 col-lg-12\">\n<div class=\"field-content\"><a href=\"\/article\/1068763-un-logo-flambant-neuf-pour-mazars\"><img loading=\"lazy\" decoding=\"async\" class=\"img-responsive\" typeof=\"foaf:Image\" src=\"https:\/\/www.leconomiste.com\/sites\/default\/files\/eco7\/public\/styles\/800x400\/public\/default_images\/default_une.jpg?itok=4jZlgnIZ\" width=\"660\" height=\"330\" alt=\"\"\/><\/a><\/div>\n<\/div>\n<div class=\" title_suite_2 col col-xs-12 col-lg-12\"> <a href=\"\/article\/1068763-un-logo-flambant-neuf-pour-mazars\"\/><span class=\"field-content\">Un logo flambant neuf pour Mazars<\/span><\/div>\n<\/div>\n<\/div>\n<\/div>\n<\/div>\n<\/div>\n<\/div>\n<\/div>\n<p>Auteur: hlafriqi<br \/>\n<a href=\"https:\/\/www.leconomiste.com\/article\/1068762-de-nouveaux-locaux-pour-le-centre-d-innovation-de-pwc\">Cliquez ici pour lire l&rsquo;article depuis sa source.<\/a><\/p>\n","protected":false},"excerpt":{"rendered":"<p>Par Ahlam NAZIH | Edition N\u00b0:5870 Le 22\/10\/2020 | Partager \u00abL\u2019Experience Center\u00bb de PWC, centre d\u2019innovation et de co-cr\u00e9ation de solutions pour entreprises, change de cadre avec de nouveaux locaux au 18e \u00e9tage de la tour CFC \u00e0 Casablanca. Le centre, connect\u00e9 \u00e0 40 Experience centers dans le monde, est d\u00e9sormais compos\u00e9 de trois espaces [&hellip;]<\/p>\n","protected":false},"author":1763,"featured_media":0,"comment_status":"closed","ping_status":"closed","sticky":false,"template":"","format":"standard","meta":{"fifu_image_url":"","fifu_image_alt":"","footnotes":""},"categories":[78,54],"tags":[],"class_list":["post-102660","post","type-post","status-publish","format-standard","hentry","category-economie","category-maroc"],"_links":{"self":[{"href":"https:\/\/linitiative.ca\/International\/wp-json\/wp\/v2\/posts\/102660","targetHints":{"allow":["GET"]}}],"collection":[{"href":"https:\/\/linitiative.ca\/International\/wp-json\/wp\/v2\/posts"}],"about":[{"href":"https:\/\/linitiative.ca\/International\/wp-json\/wp\/v2\/types\/post"}],"author":[{"embeddable":true,"href":"https:\/\/linitiative.ca\/International\/wp-json\/wp\/v2\/users\/1763"}],"replies":[{"embeddable":true,"href":"https:\/\/linitiative.ca\/International\/wp-json\/wp\/v2\/comments?post=102660"}],"version-history":[{"count":0,"href":"https:\/\/linitiative.ca\/International\/wp-json\/wp\/v2\/posts\/102660\/revisions"}],"wp:attachment":[{"href":"https:\/\/linitiative.ca\/International\/wp-json\/wp\/v2\/media?parent=102660"}],"wp:term":[{"taxonomy":"category","embeddable":true,"href":"https:\/\/linitiative.ca\/International\/wp-json\/wp\/v2\/categories?post=102660"},{"taxonomy":"post_tag","embeddable":true,"href":"https:\/\/linitiative.ca\/International\/wp-json\/wp\/v2\/tags?post=102660"}],"curies":[{"name":"wp","href":"https:\/\/api.w.org\/{rel}","templated":true}]}}