{"id":102661,"date":"2020-10-24T14:53:41","date_gmt":"2020-10-24T18:53:41","guid":{"rendered":"https:\/\/linitiative.ca\/International\/un-logo-flambant-neuf-pour-mazars\/"},"modified":"2020-10-24T14:53:41","modified_gmt":"2020-10-24T18:53:41","slug":"un-logo-flambant-neuf-pour-mazars","status":"publish","type":"post","link":"https:\/\/linitiative.ca\/International\/un-logo-flambant-neuf-pour-mazars\/","title":{"rendered":"Un logo flambant neuf pour Mazars"},"content":{"rendered":"<div class=\"body\">\n<div class=\"field field-name-body field-type-text-with-summary field-label-hidden\">\n<div class=\"field-items\" readability=\"8.5\">\n<div class=\"field-item even\" property=\"content:encoded\" readability=\"12\">\n<p class=\"rtejustify\">Tournant \u00abd\u00e9cisif\u00bb dans l\u2019histoire de Mazars. Le cabinet d\u2019audit, fiscalit\u00e9 et conseil vient de se doter d\u2019une nouvelle identit\u00e9 de marque. Ce nouveau logo qui a tout juste \u00e9t\u00e9 d\u00e9ploy\u00e9 dans plus de 90 pays et territoires dont le Maroc \u00abcouronne le succ\u00e8s de la strat\u00e9gie d\u2019expansion du groupe et refl\u00e8te la perspective diff\u00e9rente qu\u2019apporte Mazars au march\u00e9 de l\u2019audit, de la fiscalit\u00e9 et du conseil\u00bb.<br \/><em>M.A.B.<\/em><\/p>\n<\/div>\n<\/div>\n<\/div>\n<\/div>\n<div class=\"eco-conseil\">\n<div class=\"view view-eco-conseil-16 view-id-eco_conseil_16 view-display-id-cookies view-dom-id-1938287e989bfd7673e26a7ebd5bc6e7\">\n<div class=\"view-content\">\n<div id=\"views-bootstrap-grid-1\" class=\"views-bootstrap-grid-plugin-style\">\n<div class=\"row\">\n<div class=\" col-xs-12 col-lg-4\">\n<div class=\"row\">\n<div class=\"col col-xs-12 col-lg-12\">\n<div class=\"field-content\"><a href=\"\/article\/1068766-construction-modulaire-certification-triple-pour-touax-maroc\"><img loading=\"lazy\" decoding=\"async\" class=\"img-responsive\" typeof=\"foaf:Image\" src=\"https:\/\/www.leconomiste.com\/sites\/default\/files\/eco7\/public\/styles\/800x400\/public\/default_images\/default_une.jpg?itok=4jZlgnIZ\" width=\"660\" height=\"330\" alt=\"\"\/><\/a><\/div>\n<\/div>\n<div class=\" title_suite_2 col col-xs-12 col-lg-12\"> <a href=\"\/article\/1068766-construction-modulaire-certification-triple-pour-touax-maroc\"\/><span class=\"field-content\">Article 1068766<\/span><\/div>\n<\/div>\n<\/div>\n<div class=\" col-xs-12 col-lg-4\">\n<div class=\"row\">\n<div class=\"col col-xs-12 col-lg-12\">\n<div class=\"field-content\"><a href=\"\/article\/1068765-des-cellules-de-veille-anti-covid-dans-les-universites\"><img loading=\"lazy\" decoding=\"async\" class=\"img-responsive\" typeof=\"foaf:Image\" src=\"https:\/\/www.leconomiste.com\/sites\/default\/files\/eco7\/public\/styles\/800x400\/public\/default_images\/default_une.jpg?itok=4jZlgnIZ\" width=\"660\" height=\"330\" alt=\"\"\/><\/a><\/div>\n<\/div>\n<div class=\" title_suite_2 col col-xs-12 col-lg-12\"> <a href=\"\/article\/1068765-des-cellules-de-veille-anti-covid-dans-les-universites\"\/><span class=\"field-content\">Des cellules de veille anti-Covid dans les universit\u00e9s<\/span><\/div>\n<\/div>\n<\/div>\n<div class=\" col-xs-12 col-lg-4\">\n<div class=\"row\">\n<div class=\"col col-xs-12 col-lg-12\">\n<div class=\"field-content\"><a href=\"\/article\/1068762-de-nouveaux-locaux-pour-le-centre-d-innovation-de-pwc\"><img loading=\"lazy\" decoding=\"async\" class=\"img-responsive\" typeof=\"foaf:Image\" src=\"https:\/\/www.leconomiste.com\/sites\/default\/files\/eco7\/public\/styles\/800x400\/public\/default_images\/default_une.jpg?itok=4jZlgnIZ\" width=\"660\" height=\"330\" alt=\"\"\/><\/a><\/div>\n<\/div>\n<div class=\" title_suite_2 col col-xs-12 col-lg-12\"> <a href=\"\/article\/1068762-de-nouveaux-locaux-pour-le-centre-d-innovation-de-pwc\"\/><span class=\"field-content\">De nouveaux locaux pour le centre d\u2019innovation de PWC<\/span><\/div>\n<\/div>\n<\/div>\n<\/div>\n<\/div>\n<\/div>\n<\/div>\n<\/div>\n<p>Auteur: hlafriqi<br \/>\n<a href=\"https:\/\/www.leconomiste.com\/article\/1068763-un-logo-flambant-neuf-pour-mazars\">Cliquez ici pour lire l&rsquo;article depuis sa source.<\/a><\/p>\n","protected":false},"excerpt":{"rendered":"<p>Tournant \u00abd\u00e9cisif\u00bb dans l\u2019histoire de Mazars. Le cabinet d\u2019audit, fiscalit\u00e9 et conseil vient de se doter d\u2019une nouvelle identit\u00e9 de marque. Ce nouveau logo qui a tout juste \u00e9t\u00e9 d\u00e9ploy\u00e9 dans plus de 90 pays et territoires dont le Maroc \u00abcouronne le succ\u00e8s de la strat\u00e9gie d\u2019expansion du groupe et refl\u00e8te la perspective diff\u00e9rente qu\u2019apporte [&hellip;]<\/p>\n","protected":false},"author":1763,"featured_media":0,"comment_status":"closed","ping_status":"closed","sticky":false,"template":"","format":"standard","meta":{"fifu_image_url":"","fifu_image_alt":"","footnotes":""},"categories":[78,54],"tags":[],"class_list":["post-102661","post","type-post","status-publish","format-standard","hentry","category-economie","category-maroc"],"_links":{"self":[{"href":"https:\/\/linitiative.ca\/International\/wp-json\/wp\/v2\/posts\/102661","targetHints":{"allow":["GET"]}}],"collection":[{"href":"https:\/\/linitiative.ca\/International\/wp-json\/wp\/v2\/posts"}],"about":[{"href":"https:\/\/linitiative.ca\/International\/wp-json\/wp\/v2\/types\/post"}],"author":[{"embeddable":true,"href":"https:\/\/linitiative.ca\/International\/wp-json\/wp\/v2\/users\/1763"}],"replies":[{"embeddable":true,"href":"https:\/\/linitiative.ca\/International\/wp-json\/wp\/v2\/comments?post=102661"}],"version-history":[{"count":0,"href":"https:\/\/linitiative.ca\/International\/wp-json\/wp\/v2\/posts\/102661\/revisions"}],"wp:attachment":[{"href":"https:\/\/linitiative.ca\/International\/wp-json\/wp\/v2\/media?parent=102661"}],"wp:term":[{"taxonomy":"category","embeddable":true,"href":"https:\/\/linitiative.ca\/International\/wp-json\/wp\/v2\/categories?post=102661"},{"taxonomy":"post_tag","embeddable":true,"href":"https:\/\/linitiative.ca\/International\/wp-json\/wp\/v2\/tags?post=102661"}],"curies":[{"name":"wp","href":"https:\/\/api.w.org\/{rel}","templated":true}]}}