{"id":102662,"date":"2020-10-24T14:53:43","date_gmt":"2020-10-24T18:53:43","guid":{"rendered":"https:\/\/linitiative.ca\/International\/des-cellules-de-veille-anti-covid-dans-les-universites\/"},"modified":"2020-10-24T14:53:43","modified_gmt":"2020-10-24T18:53:43","slug":"des-cellules-de-veille-anti-covid-dans-les-universites","status":"publish","type":"post","link":"https:\/\/linitiative.ca\/International\/des-cellules-de-veille-anti-covid-dans-les-universites\/","title":{"rendered":"Des cellules de veille anti-Covid dans les universit\u00e9s"},"content":{"rendered":"<div class=\"author\" readability=\"5.6949152542373\"> Par <a href=\"\/content\/ahlam-nazih\"> Ahlam NAZIH<\/a> <a href=\"\/node\/\"> <\/a> | Edition N\u00b0:5870 Le 22\/10\/2020 | Partager <\/div>\n<div class=\"body\">\n<div class=\"field field-name-body field-type-text-with-summary field-label-hidden\">\n<div class=\"field-items\" readability=\"10\">\n<div class=\"field-item even\" property=\"content:encoded\" readability=\"15\">\n<p class=\"rtejustify\">Le d\u00e9partement de l\u2019Enseignement sup\u00e9rieur vient de sommer toutes les universit\u00e9s publiques de cr\u00e9er des cellules de veille anti-Covid. Les pr\u00e9sidences des universit\u00e9s devront en compter une chacune, charg\u00e9e de faire le suivi de la situation \u00e9pid\u00e9miologique, de veiller \u00e0 l\u2019application des mesures sanitaires, de coordonner avec les autorit\u00e9s en cas de d\u00e9tection de cas et de transmettre des rapports hebdomadaires au minist\u00e8re. Les \u00e9tablissements universitaires devront \u00e9galement disposer de leurs propres cellules, investies des m\u00eames missions, sauf qu\u2019elles adresseront un rapport quotidien \u00e0 la pr\u00e9sidence de leur universit\u00e9. Un protocole sanitaire a \u00e9galement \u00e9t\u00e9 partag\u00e9.<br \/><em>A.Na\u00a0 <\/em><\/p>\n<\/div>\n<\/div>\n<\/div>\n<\/div>\n<div class=\"eco-conseil\">\n<div class=\"view view-eco-conseil-16 view-id-eco_conseil_16 view-display-id-cookies view-dom-id-16a1d030a43fd7d95647b6b640b2231e\">\n<div class=\"view-content\">\n<div id=\"views-bootstrap-grid-1\" class=\"views-bootstrap-grid-plugin-style\">\n<div class=\"row\">\n<div class=\" col-xs-12 col-lg-4\">\n<div class=\"row\">\n<div class=\"col col-xs-12 col-lg-12\">\n<div class=\"field-content\"><a href=\"\/article\/1068766-construction-modulaire-certification-triple-pour-touax-maroc\"><img loading=\"lazy\" decoding=\"async\" class=\"img-responsive\" typeof=\"foaf:Image\" src=\"https:\/\/www.leconomiste.com\/sites\/default\/files\/eco7\/public\/styles\/800x400\/public\/default_images\/default_une.jpg?itok=4jZlgnIZ\" width=\"660\" height=\"330\" alt=\"\"\/><\/a><\/div>\n<\/div>\n<div class=\" title_suite_2 col col-xs-12 col-lg-12\"> <a href=\"\/article\/1068766-construction-modulaire-certification-triple-pour-touax-maroc\"\/><span class=\"field-content\">Article 1068766<\/span><\/div>\n<\/div>\n<\/div>\n<div class=\" col-xs-12 col-lg-4\">\n<div class=\"row\">\n<div class=\"col col-xs-12 col-lg-12\">\n<div class=\"field-content\"><a href=\"\/article\/1068763-un-logo-flambant-neuf-pour-mazars\"><img loading=\"lazy\" decoding=\"async\" class=\"img-responsive\" typeof=\"foaf:Image\" src=\"https:\/\/www.leconomiste.com\/sites\/default\/files\/eco7\/public\/styles\/800x400\/public\/default_images\/default_une.jpg?itok=4jZlgnIZ\" width=\"660\" height=\"330\" alt=\"\"\/><\/a><\/div>\n<\/div>\n<div class=\" title_suite_2 col col-xs-12 col-lg-12\"> <a href=\"\/article\/1068763-un-logo-flambant-neuf-pour-mazars\"\/><span class=\"field-content\">Un logo flambant neuf pour Mazars<\/span><\/div>\n<\/div>\n<\/div>\n<div class=\" col-xs-12 col-lg-4\">\n<div class=\"row\">\n<div class=\"col col-xs-12 col-lg-12\">\n<div class=\"field-content\"><a href=\"\/article\/1068762-de-nouveaux-locaux-pour-le-centre-d-innovation-de-pwc\"><img loading=\"lazy\" decoding=\"async\" class=\"img-responsive\" typeof=\"foaf:Image\" src=\"https:\/\/www.leconomiste.com\/sites\/default\/files\/eco7\/public\/styles\/800x400\/public\/default_images\/default_une.jpg?itok=4jZlgnIZ\" width=\"660\" height=\"330\" alt=\"\"\/><\/a><\/div>\n<\/div>\n<div class=\" title_suite_2 col col-xs-12 col-lg-12\"> <a href=\"\/article\/1068762-de-nouveaux-locaux-pour-le-centre-d-innovation-de-pwc\"\/><span class=\"field-content\">De nouveaux locaux pour le centre d\u2019innovation de PWC<\/span><\/div>\n<\/div>\n<\/div>\n<\/div>\n<\/div>\n<\/div>\n<\/div>\n<\/div>\n<p>Auteur: hlafriqi<br \/>\n<a href=\"https:\/\/www.leconomiste.com\/article\/1068765-des-cellules-de-veille-anti-covid-dans-les-universites\">Cliquez ici pour lire l&rsquo;article depuis sa source.<\/a><\/p>\n","protected":false},"excerpt":{"rendered":"<p>Par Ahlam NAZIH | Edition N\u00b0:5870 Le 22\/10\/2020 | Partager Le d\u00e9partement de l\u2019Enseignement sup\u00e9rieur vient de sommer toutes les universit\u00e9s publiques de cr\u00e9er des cellules de veille anti-Covid. Les pr\u00e9sidences des universit\u00e9s devront en compter une chacune, charg\u00e9e de faire le suivi de la situation \u00e9pid\u00e9miologique, de veiller \u00e0 l\u2019application des mesures sanitaires, de [&hellip;]<\/p>\n","protected":false},"author":1763,"featured_media":0,"comment_status":"closed","ping_status":"closed","sticky":false,"template":"","format":"standard","meta":{"fifu_image_url":"","fifu_image_alt":"","footnotes":""},"categories":[78,54],"tags":[],"class_list":["post-102662","post","type-post","status-publish","format-standard","hentry","category-economie","category-maroc"],"_links":{"self":[{"href":"https:\/\/linitiative.ca\/International\/wp-json\/wp\/v2\/posts\/102662","targetHints":{"allow":["GET"]}}],"collection":[{"href":"https:\/\/linitiative.ca\/International\/wp-json\/wp\/v2\/posts"}],"about":[{"href":"https:\/\/linitiative.ca\/International\/wp-json\/wp\/v2\/types\/post"}],"author":[{"embeddable":true,"href":"https:\/\/linitiative.ca\/International\/wp-json\/wp\/v2\/users\/1763"}],"replies":[{"embeddable":true,"href":"https:\/\/linitiative.ca\/International\/wp-json\/wp\/v2\/comments?post=102662"}],"version-history":[{"count":0,"href":"https:\/\/linitiative.ca\/International\/wp-json\/wp\/v2\/posts\/102662\/revisions"}],"wp:attachment":[{"href":"https:\/\/linitiative.ca\/International\/wp-json\/wp\/v2\/media?parent=102662"}],"wp:term":[{"taxonomy":"category","embeddable":true,"href":"https:\/\/linitiative.ca\/International\/wp-json\/wp\/v2\/categories?post=102662"},{"taxonomy":"post_tag","embeddable":true,"href":"https:\/\/linitiative.ca\/International\/wp-json\/wp\/v2\/tags?post=102662"}],"curies":[{"name":"wp","href":"https:\/\/api.w.org\/{rel}","templated":true}]}}