{"id":102664,"date":"2020-10-24T11:30:00","date_gmt":"2020-10-24T15:30:00","guid":{"rendered":"https:\/\/linitiative.ca\/International\/des-avocats-palestiniens-poursuivent-londres-en-justice\/"},"modified":"2020-10-24T11:30:00","modified_gmt":"2020-10-24T15:30:00","slug":"des-avocats-palestiniens-poursuivent-londres-en-justice","status":"publish","type":"post","link":"https:\/\/linitiative.ca\/International\/des-avocats-palestiniens-poursuivent-londres-en-justice\/","title":{"rendered":"Des avocats palestiniens poursuivent Londres en justice"},"content":{"rendered":"<p class=\"p1 c3\"><span class=\"c2\">La plainte peut para\u00eetre symbolique, mais elle est essentielle pour les avocats palestiniens : ils attaquent en justice le gouvernement britannique, plus de 100 ans apr\u00e8s la d\u00e9claration de Balfour. En 1917, trois ans avant que que la Palestine ne passe sous mandat britannique, Arthur Balfour, chef de la diplomatie \u00e0 Londres, signe une d\u00e9claration qui apporte son soutien \u00e0 \u00abl\u2019\u00e9tablissement en Palestine d\u2019un foyer national pour le peuple isra\u00e9lien\u00bb.<\/span><\/p>\n<p class=\"p1 c3\"><span class=\"c2\">La d\u00e9claration Balfour avait \u00e9t\u00e9 une \u00e9tape importante dans le processus qui allait conduire en 1948 \u00e0 la cr\u00e9ation de l\u2019Etat d\u2019Isra\u00ebl, mais aussi au d\u00e9placement de quelque 750.000 Palestiniens et \u00e0 des d\u00e9cennies de conflits.<\/span><\/p>\n<p class=\"p1 c3\"><span class=\"c2\">\u00abNous pensons que tous nos probl\u00e8mes viennent de Balfour et de l\u2019occupation de la Grande-Bretagne, de l\u2019Angleterre,\u00a0explique Munib Al-Masry, chef de la f\u00e9d\u00e9ration des syndicats ind\u00e9pendants et d\u00e9mocratiques. Donc il est temps d\u2019avoir un proc\u00e8s contre eux\u00bb.<\/span><\/p>\n<p class=\"p1 c3\"><span class=\"c2\">La plainte a \u00e9t\u00e9 d\u00e9pos\u00e9e aupr\u00e8s du tribunal de Nabouls, dans le nord de la Cisjordanie occup\u00e9e. Les plaignants demandent des indemnisations pour les Palestiniens l\u00e9s\u00e9s, sans fixer de somme.<\/span><\/p>\n<p class=\"p1 c3\"><span class=\"c2\">\u00abCela ouvre un autre canal, une autre voie et un autre espace pour poursuivre et tenir responsables les criminels qui ont commis des crimes contre notre peuple palestinien,\u00a0ajoute Mohamed Barakeh, chef du Comit\u00e9 arabe de surveillance en Isra\u00ebl, que ce soit les Anglais \u00e0 l\u2019\u00e9poque, ou le mouvement sioniste, et maintenant les Am\u00e9ricains par le biais de \u00abl\u2019accord du si\u00e8cle\u00bb.<\/span><\/p>\n<p class=\"p1 c3\"><span class=\"c2\">Donald Trump a pr\u00e9sent\u00e9 au d\u00e9but de l&rsquo;ann\u00e9e un plan qui pr\u00e9voit notamment que J\u00e9rusalem soit la capitale d&rsquo;Isra\u00ebl, ou encore que les colonies implant\u00e9es en Cisjordanie occup\u00e9e soient annex\u00e9es \u00e0 l&rsquo;Etat isra\u00e9lien, autant de faveurs accord\u00e9es \u00e0 Isra\u00ebl, qui ont \u00e9t\u00e9 rejet\u00e9es par les Palestiniens.<\/span><\/p>\n<p>Auteur: letemps1<br \/>\n<a href=\"http:\/\/www.letemps.com.tn\/article\/117765\/des-avocats-palestiniens-poursuivent-londres-en-justice\">Cliquez ici pour lire l&rsquo;article depuis sa source.<\/a><\/p>\n","protected":false},"excerpt":{"rendered":"<p>La plainte peut para\u00eetre symbolique, mais elle est essentielle pour les avocats palestiniens : ils attaquent en justice le gouvernement britannique, plus de 100 ans apr\u00e8s la d\u00e9claration de Balfour. En 1917, trois ans avant que que la Palestine ne passe sous mandat britannique, Arthur Balfour, chef de la diplomatie \u00e0 Londres, signe une d\u00e9claration [&hellip;]<\/p>\n","protected":false},"author":1773,"featured_media":0,"comment_status":"closed","ping_status":"closed","sticky":false,"template":"","format":"standard","meta":{"fifu_image_url":"","fifu_image_alt":"","footnotes":""},"categories":[73,55],"tags":[],"class_list":["post-102664","post","type-post","status-publish","format-standard","hentry","category-actualite","category-tunisie"],"_links":{"self":[{"href":"https:\/\/linitiative.ca\/International\/wp-json\/wp\/v2\/posts\/102664","targetHints":{"allow":["GET"]}}],"collection":[{"href":"https:\/\/linitiative.ca\/International\/wp-json\/wp\/v2\/posts"}],"about":[{"href":"https:\/\/linitiative.ca\/International\/wp-json\/wp\/v2\/types\/post"}],"author":[{"embeddable":true,"href":"https:\/\/linitiative.ca\/International\/wp-json\/wp\/v2\/users\/1773"}],"replies":[{"embeddable":true,"href":"https:\/\/linitiative.ca\/International\/wp-json\/wp\/v2\/comments?post=102664"}],"version-history":[{"count":0,"href":"https:\/\/linitiative.ca\/International\/wp-json\/wp\/v2\/posts\/102664\/revisions"}],"wp:attachment":[{"href":"https:\/\/linitiative.ca\/International\/wp-json\/wp\/v2\/media?parent=102664"}],"wp:term":[{"taxonomy":"category","embeddable":true,"href":"https:\/\/linitiative.ca\/International\/wp-json\/wp\/v2\/categories?post=102664"},{"taxonomy":"post_tag","embeddable":true,"href":"https:\/\/linitiative.ca\/International\/wp-json\/wp\/v2\/tags?post=102664"}],"curies":[{"name":"wp","href":"https:\/\/api.w.org\/{rel}","templated":true}]}}