{"id":102665,"date":"2020-10-24T11:30:00","date_gmt":"2020-10-24T15:30:00","guid":{"rendered":"https:\/\/linitiative.ca\/International\/la-preparation-reprend-avec-un-effectif-reduit\/"},"modified":"2020-10-24T11:30:00","modified_gmt":"2020-10-24T15:30:00","slug":"la-preparation-reprend-avec-un-effectif-reduit","status":"publish","type":"post","link":"https:\/\/linitiative.ca\/International\/la-preparation-reprend-avec-un-effectif-reduit\/","title":{"rendered":"La pr\u00e9paration reprend  avec un effectif r\u00e9duit"},"content":{"rendered":"<p>Interrompue pendant une semaine par le Coronavirus<\/p>\n<footer class=\"submitted clearfix\">\n<p><span class=\"date-display-single\" property=\"dc:date\" datatype=\"xsd:dateTime\" content=\"2020-10-24T00:00:00+01:00\">Samedi 24 Octobre 2020<\/span><\/p>\n<\/footer>\n<div class=\"content clearfix\" readability=\"39.345582486317\"><span class=\"print-link\"><span class=\"print_html\"><a href=\"http:\/\/www.letemps.com.tn\/print\/117766\" title=\"Display a printer-friendly version of this page.\" class=\"print-page\" onclick=\"window.open(this.href); return false\" rel=\"nofollow\"><img decoding=\"async\" class=\"print-icon\" typeof=\"foaf:Image\" src=\"http:\/\/www.letemps.com.tn\/sites\/all\/modules\/print\/icons\/print_icon.gif\" alt=\"\u0646\u0633\u062e\u0629 \u0644\u0644\u0637\u0628\u0627\u0639\u0629\" title=\"\u0646\u0633\u062e\u0629 \u0644\u0644\u0637\u0628\u0627\u0639\u0629\"\/><\/a><\/span><\/span><\/p>\n<div class=\"beacon9-social\">\n<p><iframe src=\"http:\/\/www.facebook.com\/plugins\/like.php?href=http%3A%2F%2Fwww.letemps.com.tn%2Farticle%2F117766%2Fla-pr%25C3%25A9paration-reprend-avec-un-effectif-r%25C3%25A9duit&amp;layout=button_count&amp;show_faces=false&amp;action=like&amp;font=arial&amp;colorscheme=light\" scrolling=\"no\" frameborder=\"0\" class=\"c1\" allowtransparency=\"true\">[embedded content]<\/iframe><\/p>\n<\/div>\n<div class=\"field field-name-field-op-main-image field-type-image field-label-hidden field-items field-item even\"><img loading=\"lazy\" decoding=\"async\" typeof=\"foaf:Image\" src=\"http:\/\/www.letemps.com.tn\/sites\/www.letemps.com.tn\/files\/styles\/620px_wide\/public\/main\/articles\/Sans titre-1-Re\u0301cupe\u0301re\u0301_817.jpg\" width=\"620\" height=\"400\" alt=\"\"\/><\/div>\n<div class=\"field field-name-body field-type-text-with-summary field-label-hidden field-items field-item even\" readability=\"49\">\n<p class=\"p1 c3\"><span class=\"c2\">Apr\u00e8s avoir interrompu son stage \u00e0 Monastir depuis le premier jour du rassemblement et rentr\u00e9 \u00e0 Sfax apr\u00e8s le cas de contamination d\u00e9clar\u00e9 au coronavirus de Jsssem Hamdouni, le groupe sfaxien a \u00e9t\u00e9 mis en quarantaine<span class=\"Apple-converted-space\">\u00a0<\/span> pendant une semaine dans un h\u00f4tel de la place. A l&rsquo;issue du confinement sept joueurs qui ont<span class=\"Apple-converted-space\">\u00a0<\/span> fr\u00e9quent\u00e9 Jassem Hamdouni ont subi les test PCR. Quatre de ces sept joueurs ont \u00e9t\u00e9 test\u00e9 positifs il s&rsquo;agit du milieu de terrain offensif Aymen Harzi et du lat\u00e9ral droit Mohamed Ben Ali. Par la suite deux autres joueurs et des deux Guin\u00e9ens Osman et Naby Camara.<\/span><\/p>\n<p class=\"p2 c4\">\u00a0<\/p>\n<p class=\"p3 c5\"><span class=\"c2\">Dix \u00e9l\u00e9ments manquaient<span class=\"Apple-converted-space\">\u00a0<\/span><\/span><\/p>\n<p class=\"p3 c5\"><span class=\"c2\">\u00e0 l&rsquo;appel<\/span><\/p>\n<p class=\"p1 c3\"><span class=\"c2\">A l&rsquo;issue des r\u00e9sultats des tests le CSS \u00e0 repris avant hier les entra\u00eenements \u00e0 l&rsquo;annexe du stade Mhiri avec un effectif ayant plusieurs absences dans ses rangs. En effet, en plus des cinq joueurs contamin\u00e9s, le groupe \u00ab\u00a0Noir et Blanc\u00a0\u00bb \u00e9tait amput\u00e9 aussi de la nouvelle recrue libyenne, Mohamed Soula, qui a \u00e9t\u00e9 mis<span class=\"Apple-converted-space\">\u00a0<\/span> en quarantaine \u00e0 son arriv\u00e9e \u00e0 Sfax, venant du Bahre\u00efn ainsi que de Bechir Ghariani, Alaa GHram<span class=\"Apple-converted-space\">\u00a0<\/span> Achraf Habbassi et Abdallah Amri engag\u00e9s<span class=\"Apple-converted-space\">\u00a0<\/span> tous les quatre avec l&rsquo;\u00e9quipe nationale des U 20 qui pr\u00e9pare la Coupe d&rsquo;Afrique des Nations de cette cat\u00e9gorie d&rsquo;\u00e2ge qui se tiendra \u00e0 Tunis. <span class=\"Apple-converted-space\">\u00a0<\/span><\/span><\/p>\n<p class=\"p4 c6\"><span class=\"c2\">Ameur KERKENNI<\/span><\/p>\n<\/div>\n<\/div>\n<p>Auteur: letemps1<br \/>\n<a href=\"http:\/\/www.letemps.com.tn\/article\/117766\/la-pr%C3%A9paration-reprend-avec-un-effectif-r%C3%A9duit\">Cliquez ici pour lire l&rsquo;article depuis sa source.<\/a><\/p>\n","protected":false},"excerpt":{"rendered":"<p>Interrompue pendant une semaine par le Coronavirus Samedi 24 Octobre 2020 [embedded content] Apr\u00e8s avoir interrompu son stage \u00e0 Monastir depuis le premier jour du rassemblement et rentr\u00e9 \u00e0 Sfax apr\u00e8s le cas de contamination d\u00e9clar\u00e9 au coronavirus de Jsssem Hamdouni, le groupe sfaxien a \u00e9t\u00e9 mis en quarantaine\u00a0 pendant une semaine dans un h\u00f4tel [&hellip;]<\/p>\n","protected":false},"author":1773,"featured_media":102666,"comment_status":"closed","ping_status":"closed","sticky":false,"template":"","format":"standard","meta":{"fifu_image_url":"","fifu_image_alt":"","footnotes":""},"categories":[73,55],"tags":[],"class_list":["post-102665","post","type-post","status-publish","format-standard","has-post-thumbnail","hentry","category-actualite","category-tunisie"],"_links":{"self":[{"href":"https:\/\/linitiative.ca\/International\/wp-json\/wp\/v2\/posts\/102665","targetHints":{"allow":["GET"]}}],"collection":[{"href":"https:\/\/linitiative.ca\/International\/wp-json\/wp\/v2\/posts"}],"about":[{"href":"https:\/\/linitiative.ca\/International\/wp-json\/wp\/v2\/types\/post"}],"author":[{"embeddable":true,"href":"https:\/\/linitiative.ca\/International\/wp-json\/wp\/v2\/users\/1773"}],"replies":[{"embeddable":true,"href":"https:\/\/linitiative.ca\/International\/wp-json\/wp\/v2\/comments?post=102665"}],"version-history":[{"count":0,"href":"https:\/\/linitiative.ca\/International\/wp-json\/wp\/v2\/posts\/102665\/revisions"}],"wp:featuredmedia":[{"embeddable":true,"href":"https:\/\/linitiative.ca\/International\/wp-json\/"}],"wp:attachment":[{"href":"https:\/\/linitiative.ca\/International\/wp-json\/wp\/v2\/media?parent=102665"}],"wp:term":[{"taxonomy":"category","embeddable":true,"href":"https:\/\/linitiative.ca\/International\/wp-json\/wp\/v2\/categories?post=102665"},{"taxonomy":"post_tag","embeddable":true,"href":"https:\/\/linitiative.ca\/International\/wp-json\/wp\/v2\/tags?post=102665"}],"curies":[{"name":"wp","href":"https:\/\/api.w.org\/{rel}","templated":true}]}}