{"id":102667,"date":"2020-10-24T11:30:00","date_gmt":"2020-10-24T15:30:00","guid":{"rendered":"https:\/\/linitiative.ca\/International\/heykel-chikhaoui-en-libye\/"},"modified":"2020-10-24T11:30:00","modified_gmt":"2020-10-24T15:30:00","slug":"heykel-chikhaoui-en-libye","status":"publish","type":"post","link":"https:\/\/linitiative.ca\/International\/heykel-chikhaoui-en-libye\/","title":{"rendered":"Heykel  Chikhaoui en Libye ?"},"content":{"rendered":"<p class=\"p1 c3\"><span class=\"c2\">Les Stadistes poursuivent leur pr\u00e9paration \u00e0 la prochaine saison devant d\u00e9buter le premier samedi du mois de novembre prochain. Anis Bousa\u00e2idi a mis du rythme dans cette pr\u00e9paration axant l\u2019essentiel du travail sur le volet physique en pr\u00e9vision d\u2019une saison longue et au cours de laquelle les Bardolais comptent jouer les premiers r\u00f4les aussi bien en championnat qu\u2019en coupe. Ils esp\u00e8rent se faire une place parmi le carr\u00e9 d\u2019as pour une qualification \u00e0 une comp\u00e9tition africaine.<span class=\"Apple-converted-space\">\u00a0<\/span><\/span><\/p>\n<p class=\"p1 c3\"><span class=\"c2\">Le staff technique stadiste attend avec impatience la lev\u00e9e d\u2019interdiction de l\u2019organisation de rencontres amicales pour programmer deux ou trois matchs amicaux afin de permettre aux joueurs de se retremper dans la comp\u00e9tition et de retrouver leurs rep\u00e8res sur le terrain.<span class=\"Apple-converted-space\">\u00a0<\/span><\/span><\/p>\n<p class=\"p2 c4\">\u00a0<\/p>\n<p class=\"p3 c5\"><span class=\"c2\"><strong>Sur le d\u00e9part<span class=\"Apple-converted-space\">\u00a0<\/span><\/strong><\/span><\/p>\n<p class=\"p1 c3\"><span class=\"c2\">Nous avons annonc\u00e9 dans une pr\u00e9c\u00e9dente livraison le d\u00e9part tr\u00e8s probable de Heykel Chikhaoui. Aujourd\u2019hui, nous pouvons affirmer que le meneur de jeu stadiste est tr\u00e8s proche de la porte de sortie du complexe Hedi Enneifer.<\/span><\/p>\n<p class=\"p1 c3\"><span class=\"c2\">Jalel Kadri, l\u2019ancien entra\u00eeneur du ST, parti au Ahly Tripoli veut avoir Chikhaoui dans son \u00e9quipe qui aura \u00e0 disputer la Ligue des Champions la saison prochaine. la proposition de l\u2019\u00e9quipe libyenne a \u00e9t\u00e9 accueillie avec satisfaction aussi bien par le joueur que par son club.<\/span><\/p>\n<p class=\"p1 c3\"><span class=\"c2\">Heykel Chikhaoui revenu en retard \u00e0 Tunis a \u00e9t\u00e9 sanctionn\u00e9 financi\u00e8rement de m\u00eame que son co\u00e9quipier Rayen Ben Khemiss. Ces deux joueurs ont \u00e9t\u00e9 rel\u00e9gu\u00e9s chez l\u2019\u00e9quipe des \u00e9lites.<\/span><\/p>\n<p class=\"p2 c4\">\u00a0<\/p>\n<p class=\"p3 c5\"><span class=\"c2\"><strong>Pr\u00eat<\/strong><span class=\"Apple-converted-space\">\u00a0<\/span><\/span><\/p>\n<p class=\"p1 c3\"><span class=\"c2\">Le comit\u00e9 directeur du ST vient de donner son accord pour laisser partir son troisi\u00e8me gardien Mehdi Ben Mrad sous forme de pr\u00eat \u00e0 l\u2019Olympique Sidi Bouzid. Ce jeune gardien n\u2019a plus jouer avec les seniors depuis l\u2019arriv\u00e9e de Ali Jmel.<\/span><\/p>\n<p class=\"p2 c4\">\u00a0<\/p>\n<p class=\"p3 c5\"><span class=\"c2\"><strong>2 joueurs r\u00e9tablis<\/strong><\/span><\/p>\n<p class=\"p1 c3\"><span class=\"c2\">Infect\u00e9s au virus du Covid-19, le gardien Aziz Yermeni et le milieu du terrain Hamza Hadda, ont termin\u00e9 la p\u00e9riode de confinement et les tests subis apr\u00e8s cette p\u00e9riode se sont av\u00e9r\u00e9s n\u00e9gatifs. Les deux joueurs seront soumis \u00e0 un programme de pr\u00e9paration sp\u00e9cial, afin de rattraper le temps perdu.<\/span><\/p>\n<p class=\"p2 c4\">\u00a0<\/p>\n<p class=\"p3 c5\"><span class=\"c2\"><strong>Programme sp\u00e9cial<\/strong><\/span><\/p>\n<p class=\"p1 c3\"><span class=\"c2\">De retour \u00e0 Tunis, le d\u00e9fenseur Walid Hosni a subi de nouveaux examens m\u00e9dicaux afin de d\u00e9terminer les raisons de la persistance des douleurs au niveau de la cuisse suite \u00e0 la blessure contract\u00e9e lors de la rencontre de championnat face au CSS.<span class=\"Apple-converted-space\">\u00a0<\/span><\/span><\/p>\n<p class=\"p2 c4\">\u00a0<\/p>\n<p class=\"p3 c5\"><span class=\"c2\"><strong>Avantage<\/strong><\/span><\/p>\n<p class=\"p1 c3\"><span class=\"c2\">Le tirage au sort du calendrier de la nouvelle saison, a \u00e9t\u00e9 assez cl\u00e9ment avec l\u2019\u00e9quipe stadiste<span class=\"Apple-converted-space\">\u00a0<\/span> qui aura \u00e0 rencontrer l\u2019OB nouveau promu en Ligue 1 pour le match d\u2019ouverture puis le CAB \u00e0 domicile, elle disputera sa troisi\u00e8me rencontre en d\u00e9placement chez l\u2019\u00e9quipe qui gagnera les barrages puis recevra l\u2019autre nouveau promu l\u2019AS Rajich au Bardo.<\/span><\/p>\n<p class=\"p4 c6\"><span class=\"c2\"><strong>M.R<\/strong><\/span><\/p>\n<p>Auteur: letemps1<br \/>\n<a href=\"http:\/\/www.letemps.com.tn\/article\/117767\/heykel-chikhaoui-en-libye\">Cliquez ici pour lire l&rsquo;article depuis sa source.<\/a><\/p>\n","protected":false},"excerpt":{"rendered":"<p>Les Stadistes poursuivent leur pr\u00e9paration \u00e0 la prochaine saison devant d\u00e9buter le premier samedi du mois de novembre prochain. Anis Bousa\u00e2idi a mis du rythme dans cette pr\u00e9paration axant l\u2019essentiel du travail sur le volet physique en pr\u00e9vision d\u2019une saison longue et au cours de laquelle les Bardolais comptent jouer les premiers r\u00f4les aussi bien [&hellip;]<\/p>\n","protected":false},"author":1773,"featured_media":0,"comment_status":"closed","ping_status":"closed","sticky":false,"template":"","format":"standard","meta":{"fifu_image_url":"","fifu_image_alt":"","footnotes":""},"categories":[73,55],"tags":[],"class_list":["post-102667","post","type-post","status-publish","format-standard","hentry","category-actualite","category-tunisie"],"_links":{"self":[{"href":"https:\/\/linitiative.ca\/International\/wp-json\/wp\/v2\/posts\/102667","targetHints":{"allow":["GET"]}}],"collection":[{"href":"https:\/\/linitiative.ca\/International\/wp-json\/wp\/v2\/posts"}],"about":[{"href":"https:\/\/linitiative.ca\/International\/wp-json\/wp\/v2\/types\/post"}],"author":[{"embeddable":true,"href":"https:\/\/linitiative.ca\/International\/wp-json\/wp\/v2\/users\/1773"}],"replies":[{"embeddable":true,"href":"https:\/\/linitiative.ca\/International\/wp-json\/wp\/v2\/comments?post=102667"}],"version-history":[{"count":0,"href":"https:\/\/linitiative.ca\/International\/wp-json\/wp\/v2\/posts\/102667\/revisions"}],"wp:attachment":[{"href":"https:\/\/linitiative.ca\/International\/wp-json\/wp\/v2\/media?parent=102667"}],"wp:term":[{"taxonomy":"category","embeddable":true,"href":"https:\/\/linitiative.ca\/International\/wp-json\/wp\/v2\/categories?post=102667"},{"taxonomy":"post_tag","embeddable":true,"href":"https:\/\/linitiative.ca\/International\/wp-json\/wp\/v2\/tags?post=102667"}],"curies":[{"name":"wp","href":"https:\/\/api.w.org\/{rel}","templated":true}]}}