{"id":102668,"date":"2020-10-24T11:30:00","date_gmt":"2020-10-24T15:30:00","guid":{"rendered":"https:\/\/linitiative.ca\/International\/retour-a-la-normale\/"},"modified":"2020-10-24T11:30:00","modified_gmt":"2020-10-24T15:30:00","slug":"retour-a-la-normale","status":"publish","type":"post","link":"https:\/\/linitiative.ca\/International\/retour-a-la-normale\/","title":{"rendered":"Retour \u00e0 la normale"},"content":{"rendered":"<p class=\"p1 c3\"><span class=\"c2\">Les choses ont l&rsquo;air de rentrer dans l&rsquo;ordre au sein du CSHL \u00e0 la veille de cette mini-comp\u00e9tition \u00e0 quatre pour un seul s\u00e9same salvateur permettant \u00e0 l&rsquo;heureux \u00e9lu de rallier le pallier sup\u00e9rieur parmi les t\u00e9nors. Les entrainements se poursuivent \u00e0 un rythme soutenu sous la houlette du revenant Chokri Khatoui. Selon le secr\u00e9taire permanent du club, Skander Barkati, le staff et le comit\u00e9 directoire provisoire se composent comme suit :<\/span><\/p>\n<p class=\"p2 c4\">\u00a0<\/p>\n<p class=\"p3 c5\"><strong><span class=\"c2\">Comit\u00e9 provisoire :<\/span><\/strong><\/p>\n<p class=\"p1 c3\"><span class=\"c2\">Mongi Bhar, Fadhel Ben Hamza, Fay\u00e7al Boucetta, Naceur Latrous, Ka\u00efs Ben Mrad, Adn\u00e8ne Ben Mrad, Mohamed Annabi, Moez Mzah, Youssef Mhadhebi. A souligner que ce groupe est mandat\u00e9 pour une p\u00e9riode d&rsquo;un mois en attendant de voir venir.<\/span><\/p>\n<p class=\"p2 c4\">\u00a0<\/p>\n<p class=\"p3 c5\"><strong><span class=\"c2\">Staff technique :<span class=\"Apple-converted-space\">\u00a0<\/span><\/span><\/strong><\/p>\n<p class=\"p1 c3\"><span class=\"c2\">Chokri Khatoui, Mehdi Ben Hassine et Abderrahmane Meskini (Adjoints), Adel Ben Mansour (Entraineur des gardiens), Mehdi Essafi (Pr\u00e9parateur physique), Talel Ben Mustapha et Ali Yazidi d\u00e9l\u00e9gu\u00e9s.<\/span><\/p>\n<p class=\"p2 c4\">\u00a0<\/p>\n<p class=\"p3 c5\"><strong><span class=\"c2\">Quatre recrutements<\/span><\/strong><\/p>\n<p class=\"p1 c3\"><span class=\"c2\">Bilel Khlifi ex-CA un attaquant chevronn\u00e9 est en voie d&rsquo;\u00eatre recrut\u00e9 par les verts. Deux revenants Zied Ben Salem et Ghaieth Sghaier et un pivot Sassi Oueslati (ASA).<\/span><\/p>\n<p class=\"p4 c6\"><strong><span class=\"c2\">Mohamed Sahbi RAMMAH<\/span><\/strong><\/p>\n<p>Auteur: letemps1<br \/>\n<a href=\"http:\/\/www.letemps.com.tn\/article\/117768\/retour-%C3%A0-la-normale\">Cliquez ici pour lire l&rsquo;article depuis sa source.<\/a><\/p>\n","protected":false},"excerpt":{"rendered":"<p>Les choses ont l&rsquo;air de rentrer dans l&rsquo;ordre au sein du CSHL \u00e0 la veille de cette mini-comp\u00e9tition \u00e0 quatre pour un seul s\u00e9same salvateur permettant \u00e0 l&rsquo;heureux \u00e9lu de rallier le pallier sup\u00e9rieur parmi les t\u00e9nors. Les entrainements se poursuivent \u00e0 un rythme soutenu sous la houlette du revenant Chokri Khatoui. Selon le secr\u00e9taire [&hellip;]<\/p>\n","protected":false},"author":1773,"featured_media":0,"comment_status":"closed","ping_status":"closed","sticky":false,"template":"","format":"standard","meta":{"fifu_image_url":"","fifu_image_alt":"","footnotes":""},"categories":[73,55],"tags":[],"class_list":["post-102668","post","type-post","status-publish","format-standard","hentry","category-actualite","category-tunisie"],"_links":{"self":[{"href":"https:\/\/linitiative.ca\/International\/wp-json\/wp\/v2\/posts\/102668","targetHints":{"allow":["GET"]}}],"collection":[{"href":"https:\/\/linitiative.ca\/International\/wp-json\/wp\/v2\/posts"}],"about":[{"href":"https:\/\/linitiative.ca\/International\/wp-json\/wp\/v2\/types\/post"}],"author":[{"embeddable":true,"href":"https:\/\/linitiative.ca\/International\/wp-json\/wp\/v2\/users\/1773"}],"replies":[{"embeddable":true,"href":"https:\/\/linitiative.ca\/International\/wp-json\/wp\/v2\/comments?post=102668"}],"version-history":[{"count":0,"href":"https:\/\/linitiative.ca\/International\/wp-json\/wp\/v2\/posts\/102668\/revisions"}],"wp:attachment":[{"href":"https:\/\/linitiative.ca\/International\/wp-json\/wp\/v2\/media?parent=102668"}],"wp:term":[{"taxonomy":"category","embeddable":true,"href":"https:\/\/linitiative.ca\/International\/wp-json\/wp\/v2\/categories?post=102668"},{"taxonomy":"post_tag","embeddable":true,"href":"https:\/\/linitiative.ca\/International\/wp-json\/wp\/v2\/tags?post=102668"}],"curies":[{"name":"wp","href":"https:\/\/api.w.org\/{rel}","templated":true}]}}