{"id":102669,"date":"2020-10-24T11:30:00","date_gmt":"2020-10-24T15:30:00","guid":{"rendered":"https:\/\/linitiative.ca\/International\/vers-la-reinstauration-du-poste-de-directeur-sportif\/"},"modified":"2020-10-24T11:30:00","modified_gmt":"2020-10-24T15:30:00","slug":"vers-la-reinstauration-du-poste-de-directeur-sportif","status":"publish","type":"post","link":"https:\/\/linitiative.ca\/International\/vers-la-reinstauration-du-poste-de-directeur-sportif\/","title":{"rendered":"Vers la r\u00e9instauration du poste de directeur sportif"},"content":{"rendered":"<p class=\"p1 c3\"><span class=\"c2\">Il est clair que l\u2019Establishment de l\u2019Etoile s\u2019att\u00e8le \u00e0 la mise en place d\u2019un nouveau mode gestionnaire du club pour l\u2019\u00e9tape \u00e0 venir. L\u2019un des axes majeurs de cette r\u00e9forme est la nomination -tant attendue et in\u00e9vitable- d\u2019un directeur sportif appel\u00e9 \u00e0 n\u00e9gocier les dossiers d\u2019ordre purement technique ayant trait au choix des joueurs et l\u2019\u00e9valuation du travail du nouveau staff technique.<\/span><\/p>\n<p class=\"p2 c4\">\u00a0<\/p>\n<p class=\"p3 c5\"><span class=\"c2\"><strong>D\u00e9c\u00e8s de Silva Dos Santos, pure intox\u00a0!<\/strong><\/span><\/p>\n<p class=\"p1 c3\"><span class=\"c2\">Ces derni\u00e8res 24 heures, une information de mauvais go\u00fbt avait circul\u00e9 et qui faisant \u00e9tat du d\u00e9c\u00e8s de l\u2019ex-attaquant tuniso-br\u00e9silien de l\u2019Etoile Silva Dos Santos. Ce dernier a tenu \u00e0 poster une vid\u00e9o sur son compte Instagram dans laquelle il d\u00e9mentait cette rumeur malveillante\u00a0\u00ab\u00a0Bonjour le peuple tunisien, je viens d\u00e9mentir \u00e0 travers cette vid\u00e9o les rumeurs rapportant mon d\u00e9c\u00e8s. Vous voyez que je ne suis pas mort, je suis en bonne sant\u00e9 Hamdoullah, je n\u2019ai jamais \u00e9t\u00e9 malade, je vais tr\u00e8s bien, ce sont des b\u00eatises racont\u00e9es par des mauvaises langues\u00a0\u00bb.<\/span><\/p>\n<p class=\"p1 c3\"><span class=\"c2\">Une chose est certaine, ceux qui v\u00e9hiculent ce genre de rumeurs d\u00e9gradantes, feront mieux de trouver d\u2019autres moyens pour se faire de l\u2019importance.<\/span><\/p>\n<p class=\"p4 c6\"><span class=\"c2\"><strong>Hatem REGAIEG<\/strong><\/span><\/p>\n<p>Auteur: letemps1<br \/>\n<a href=\"http:\/\/www.letemps.com.tn\/article\/117769\/vers-la-r%C3%A9instauration-du-poste-de-directeur-sportif\">Cliquez ici pour lire l&rsquo;article depuis sa source.<\/a><\/p>\n","protected":false},"excerpt":{"rendered":"<p>Il est clair que l\u2019Establishment de l\u2019Etoile s\u2019att\u00e8le \u00e0 la mise en place d\u2019un nouveau mode gestionnaire du club pour l\u2019\u00e9tape \u00e0 venir. L\u2019un des axes majeurs de cette r\u00e9forme est la nomination -tant attendue et in\u00e9vitable- d\u2019un directeur sportif appel\u00e9 \u00e0 n\u00e9gocier les dossiers d\u2019ordre purement technique ayant trait au choix des joueurs et [&hellip;]<\/p>\n","protected":false},"author":1773,"featured_media":0,"comment_status":"closed","ping_status":"closed","sticky":false,"template":"","format":"standard","meta":{"fifu_image_url":"","fifu_image_alt":"","footnotes":""},"categories":[73,55],"tags":[],"class_list":["post-102669","post","type-post","status-publish","format-standard","hentry","category-actualite","category-tunisie"],"_links":{"self":[{"href":"https:\/\/linitiative.ca\/International\/wp-json\/wp\/v2\/posts\/102669","targetHints":{"allow":["GET"]}}],"collection":[{"href":"https:\/\/linitiative.ca\/International\/wp-json\/wp\/v2\/posts"}],"about":[{"href":"https:\/\/linitiative.ca\/International\/wp-json\/wp\/v2\/types\/post"}],"author":[{"embeddable":true,"href":"https:\/\/linitiative.ca\/International\/wp-json\/wp\/v2\/users\/1773"}],"replies":[{"embeddable":true,"href":"https:\/\/linitiative.ca\/International\/wp-json\/wp\/v2\/comments?post=102669"}],"version-history":[{"count":0,"href":"https:\/\/linitiative.ca\/International\/wp-json\/wp\/v2\/posts\/102669\/revisions"}],"wp:attachment":[{"href":"https:\/\/linitiative.ca\/International\/wp-json\/wp\/v2\/media?parent=102669"}],"wp:term":[{"taxonomy":"category","embeddable":true,"href":"https:\/\/linitiative.ca\/International\/wp-json\/wp\/v2\/categories?post=102669"},{"taxonomy":"post_tag","embeddable":true,"href":"https:\/\/linitiative.ca\/International\/wp-json\/wp\/v2\/tags?post=102669"}],"curies":[{"name":"wp","href":"https:\/\/api.w.org\/{rel}","templated":true}]}}