{"id":102670,"date":"2020-10-24T15:13:18","date_gmt":"2020-10-24T19:13:18","guid":{"rendered":"https:\/\/linitiative.ca\/International\/pros-ol-benlamri-explique-les-raisons-de-son-depart-darabie-saoudite\/"},"modified":"2020-10-24T15:13:18","modified_gmt":"2020-10-24T19:13:18","slug":"pros-ol-benlamri-explique-les-raisons-de-son-depart-darabie-saoudite","status":"publish","type":"post","link":"https:\/\/linitiative.ca\/International\/pros-ol-benlamri-explique-les-raisons-de-son-depart-darabie-saoudite\/","title":{"rendered":"Pros : OL : Benlamri explique les raisons de son d\u00e9part d&rsquo;Arabie Saoudite"},"content":{"rendered":"<div readability=\"32\">\n<p>Auteur : <span class=\"time\">samedi 24 octobre 2020 12:24<\/span><\/p>\n<\/div>\n<div id=\"post_core\" readability=\"60\">\n<p>L&rsquo;international alg\u00e9rien Djamel Benlamri, champion d&rsquo;Afrique l&rsquo;\u00e9t\u00e9 dernier, est venu renforcer le secteur d\u00e9fensif rh\u00f4danien en provenance d&rsquo;Al Shabab, en Arabie Saoudite.<\/p>\n<p>\u00ab\u00a0J&rsquo;\u00e9tais dans un pays du Golfe, on sait tous qu&rsquo;il y a beaucoup d&rsquo;argent l\u00e0-bas. J&rsquo;ai fait un choix sportif, a-t-il d\u00e9taill\u00e9 dans une interview accord\u00e9e au Progr\u00e8s.\u00a0 J&rsquo;ai pens\u00e9 aussi \u00e0 ma s\u00e9lection, il va y avoir des \u00e9liminatoires pour la Coupe du monde donc il faut que je reste au niveau. Inch&rsquo;Allah, j&rsquo;ai fait le bon choix.\u00a0\u00bb<\/p>\n<p>Celui qui a sign\u00e9 pour une saison plus une deuxi\u00e8me en option avec les Gones esp\u00e8re faire ses preuves pour rester en Ligue 1 fran\u00e7aise. \u00ab\u00a0Je pense que si je joue, alors oui, j&rsquo;aurai fait le n\u00e9cessaire pour, mais si dans 30 matchs, je n&rsquo;en ai jou\u00e9 qu&rsquo;un, deux, trois&#8230; alors je ne m\u00e9riterai pas de rester ici, c&rsquo;est ce que je n&rsquo;aurai pas le niveau, c&rsquo;est simple, a indiqu\u00e9\u00a0Benlamri.\u00a0Lyon, ce n&rsquo;est pas un petit club.\u00a0\u00bb Des propos relay\u00e9s par Goal.<\/p>\n<p><strong>Publi\u00e9 dans :<\/strong> <span>Benlamri<\/span><\/p>\n<\/div>\n<p>Auteur:<br \/>\n<a href=\"http:\/\/www.lebuteur.com\/article\/detail?titre=ol-benlamri-explique-les-raisons-de-son-depart-darabie-saoudite&#038;id=97713&#038;utm_source=feedburner&#038;utm_medium=feed&#038;utm_campaign=Feed%3A+GalerieFArtciles+%28Les+derniers+articles++-+lebuteur.com%29\">Cliquez ici pour lire l&rsquo;article depuis sa source.<\/a><\/p>\n","protected":false},"excerpt":{"rendered":"<p>Auteur : samedi 24 octobre 2020 12:24 L&rsquo;international alg\u00e9rien Djamel Benlamri, champion d&rsquo;Afrique l&rsquo;\u00e9t\u00e9 dernier, est venu renforcer le secteur d\u00e9fensif rh\u00f4danien en provenance d&rsquo;Al Shabab, en Arabie Saoudite. \u00ab\u00a0J&rsquo;\u00e9tais dans un pays du Golfe, on sait tous qu&rsquo;il y a beaucoup d&rsquo;argent l\u00e0-bas. J&rsquo;ai fait un choix sportif, a-t-il d\u00e9taill\u00e9 dans une interview accord\u00e9e [&hellip;]<\/p>\n","protected":false},"author":1738,"featured_media":102671,"comment_status":"closed","ping_status":"closed","sticky":false,"template":"","format":"standard","meta":{"fifu_image_url":"","fifu_image_alt":"","footnotes":""},"categories":[53,75],"tags":[],"class_list":["post-102670","post","type-post","status-publish","format-standard","has-post-thumbnail","hentry","category-algerie","category-sport"],"_links":{"self":[{"href":"https:\/\/linitiative.ca\/International\/wp-json\/wp\/v2\/posts\/102670","targetHints":{"allow":["GET"]}}],"collection":[{"href":"https:\/\/linitiative.ca\/International\/wp-json\/wp\/v2\/posts"}],"about":[{"href":"https:\/\/linitiative.ca\/International\/wp-json\/wp\/v2\/types\/post"}],"author":[{"embeddable":true,"href":"https:\/\/linitiative.ca\/International\/wp-json\/wp\/v2\/users\/1738"}],"replies":[{"embeddable":true,"href":"https:\/\/linitiative.ca\/International\/wp-json\/wp\/v2\/comments?post=102670"}],"version-history":[{"count":0,"href":"https:\/\/linitiative.ca\/International\/wp-json\/wp\/v2\/posts\/102670\/revisions"}],"wp:featuredmedia":[{"embeddable":true,"href":"https:\/\/linitiative.ca\/International\/wp-json\/"}],"wp:attachment":[{"href":"https:\/\/linitiative.ca\/International\/wp-json\/wp\/v2\/media?parent=102670"}],"wp:term":[{"taxonomy":"category","embeddable":true,"href":"https:\/\/linitiative.ca\/International\/wp-json\/wp\/v2\/categories?post=102670"},{"taxonomy":"post_tag","embeddable":true,"href":"https:\/\/linitiative.ca\/International\/wp-json\/wp\/v2\/tags?post=102670"}],"curies":[{"name":"wp","href":"https:\/\/api.w.org\/{rel}","templated":true}]}}