{"id":102681,"date":"2020-10-24T13:14:02","date_gmt":"2020-10-24T17:14:02","guid":{"rendered":"https:\/\/linitiative.ca\/International\/111681-foot-la-preparation-des-selections-de-jeunes-au-menu-d-une-reunion-zetchi-dtn\/"},"modified":"2020-10-24T13:14:02","modified_gmt":"2020-10-24T17:14:02","slug":"111681-foot-la-preparation-des-selections-de-jeunes-au-menu-d-une-reunion-zetchi-dtn","status":"publish","type":"post","link":"https:\/\/linitiative.ca\/International\/111681-foot-la-preparation-des-selections-de-jeunes-au-menu-d-une-reunion-zetchi-dtn\/","title":{"rendered":"Foot: la pr\u00e9paration des s\u00e9lections de jeunes au menu d&rsquo;une r\u00e9union Zetchi- DTN"},"content":{"rendered":"<div readability=\"39\">\n<p><strong>ALGER &#8211; Plusieurs points, dont les prochains stages des s\u00e9lections nationales des moins de 17 ans et des moins de 20 ans ont \u00e9t\u00e9 d\u00e9battus vendredi, au Centre technique de Sidi-Moussa (Alger), lors d&rsquo;une r\u00e9union ayant rassembl\u00e9 le pr\u00e9sident de la FAF, Kheireddine Zetchi avec plusieurs techniciens de la Direction technique nationale (DTN).<\/strong><\/p>\n<\/div>\n<div readability=\"74.635135135135\">\n<p>\u00ab\u00a0Le prochain stage de l&rsquo;EN U17 se d\u00e9roulera finalement au Centre technique de Sidi-Moussa, en pr\u00e9sence de plusieurs joueurs issus de championnats \u00e9trangers\u00a0\u00bb a indiqu\u00e9 la FAF dans un <strong><em><a href=\"http:\/\/www.faf.dz\/dtn-faf-le-president-zetchi-preside-une-reunion-avec-la-dtn-et-faf-radar\/#prettyPhoto\" target=\"_blank\" rel=\"noopener noreferrer\">communiqu\u00e9<\/a><\/em><\/strong>, en pr\u00e9cisant que \u00ab\u00a0le stage de la s\u00e9lection des U20, d\u00e9butera \u00e0 partir du 30 octobre courant\u00a0\u00bb.<\/p>\n<p>Parmi les techniciens pr\u00e9sents \u00e0 cette r\u00e9union de travail, le Directeur technique national (DTN), Ameur Chafik, son adjoint Abdelkrim Benaouda et le s\u00e9lectionneur national des U20, Saber Bensmain.<\/p>\n<p>A leurs c\u00f4t\u00e9, des membres de FAF-Radar, la commission de prospection \u00e9tablie en France et qui s&rsquo;occupe du rep\u00e9rage des jeunes talents alg\u00e9riens \u00e9voluant \u00e0 l&rsquo;\u00e9tranger. Il s&rsquo;agit de Sa\u00efd Karim Idir, Ly\u00e8s Jamil Brahimi, Foued Kada-Hounet et Malik Chekaoui.<\/p>\n<hr\/>\n<h3>Lire aussi:\u00a0<a href=\"http:\/\/www.aps.dz\/sport\/111520-ago-de-la-faf-plusieurs-points-seront-debattus-le-27-octobre-a-alger\" target=\"_blank\" rel=\"noopener noreferrer\">AGO de la FAF : plusieurs points seront d\u00e9battus le 27 octobre \u00e0 Alger<\/a><\/h3>\n<hr\/>\n<blockquote readability=\"11\">\n<p><em><strong>Outre les prochains stages des s\u00e9lections nationales U17 et U20, \u00ab\u00a0il a \u00e9t\u00e9 proc\u00e9d\u00e9 pendant cette r\u00e9union \u00e0 l&rsquo;\u00e9valuation des stages d\u00e9j\u00e0 effectu\u00e9s, ainsi qu&rsquo;\u00e0 la prestations des joueurs binationaux, ayant pris part \u00e0 la rencontre amicale face au MC Alger (3-3)\u00a0\u00bb a encore rapport\u00e9 la FAF dans son communiqu\u00e9.<\/strong><\/em><\/p>\n<\/blockquote>\n<p>Apr\u00e8s la fin de la r\u00e9union, le Pr\u00e9sident Zetchi s&rsquo;est rendu \u00e0 la salle-restaurant, pour saluer les joueurs binationaux, et les remercier d&rsquo;avoir fait le choix de d\u00e9fendre les couleurs nationales, comme il a rappel\u00e9 les choix strat\u00e9giques de la FAF, notamment le suivi-\u00e9valuation et la s\u00e9lection de tout joueur alg\u00e9rien l\u00e0 o\u00f9 il se trouve pour apporter la plus-value n\u00e9cessaire \u00e0 nos s\u00e9lections.<\/p>\n<p>Le pr\u00e9sident de la FAF a rendu \u00e9galement hommage aux parents, qui ont contribu\u00e9 au choix de leurs enfants et aux membres de FAF-Radar, qui ont r\u00e9alis\u00e9 un immense travail de fond, pour capter tous ces jeunes talents \u00e9voluant en Europe, notamment en France, et susceptibles d&rsquo;\u00e9voluer au sein des s\u00e9lections nationales des U15, U17 et U20.<\/p>\n<\/div>\n<p>Auteur:<br \/>\n<a href=\"http:\/\/www.aps.dz\/sport\/111681-foot-la-preparation-des-selections-de-jeunes-au-menu-d-une-reunion-zetchi-dtn?utm_source=feedburner&#038;utm_medium=feed&#038;utm_campaign=Feed%3A+aps-sport+%28APS+-+SPORT%29\">Cliquez ici pour lire l&rsquo;article depuis sa source.<\/a><\/p>\n","protected":false},"excerpt":{"rendered":"<p>ALGER &#8211; Plusieurs points, dont les prochains stages des s\u00e9lections nationales des moins de 17 ans et des moins de 20 ans ont \u00e9t\u00e9 d\u00e9battus vendredi, au Centre technique de Sidi-Moussa (Alger), lors d&rsquo;une r\u00e9union ayant rassembl\u00e9 le pr\u00e9sident de la FAF, Kheireddine Zetchi avec plusieurs techniciens de la Direction technique nationale (DTN). \u00ab\u00a0Le prochain [&hellip;]<\/p>\n","protected":false},"author":1790,"featured_media":0,"comment_status":"closed","ping_status":"closed","sticky":false,"template":"","format":"standard","meta":{"fifu_image_url":"","fifu_image_alt":"","footnotes":""},"categories":[53,75],"tags":[],"class_list":["post-102681","post","type-post","status-publish","format-standard","hentry","category-algerie","category-sport"],"_links":{"self":[{"href":"https:\/\/linitiative.ca\/International\/wp-json\/wp\/v2\/posts\/102681","targetHints":{"allow":["GET"]}}],"collection":[{"href":"https:\/\/linitiative.ca\/International\/wp-json\/wp\/v2\/posts"}],"about":[{"href":"https:\/\/linitiative.ca\/International\/wp-json\/wp\/v2\/types\/post"}],"author":[{"embeddable":true,"href":"https:\/\/linitiative.ca\/International\/wp-json\/wp\/v2\/users\/1790"}],"replies":[{"embeddable":true,"href":"https:\/\/linitiative.ca\/International\/wp-json\/wp\/v2\/comments?post=102681"}],"version-history":[{"count":0,"href":"https:\/\/linitiative.ca\/International\/wp-json\/wp\/v2\/posts\/102681\/revisions"}],"wp:attachment":[{"href":"https:\/\/linitiative.ca\/International\/wp-json\/wp\/v2\/media?parent=102681"}],"wp:term":[{"taxonomy":"category","embeddable":true,"href":"https:\/\/linitiative.ca\/International\/wp-json\/wp\/v2\/categories?post=102681"},{"taxonomy":"post_tag","embeddable":true,"href":"https:\/\/linitiative.ca\/International\/wp-json\/wp\/v2\/tags?post=102681"}],"curies":[{"name":"wp","href":"https:\/\/api.w.org\/{rel}","templated":true}]}}