{"id":102683,"date":"2020-10-24T11:27:00","date_gmt":"2020-10-24T15:27:00","guid":{"rendered":"https:\/\/linitiative.ca\/International\/sidi-ali-khaldi-presente-ses-excuses-aux-algeriens\/"},"modified":"2020-10-24T11:27:00","modified_gmt":"2020-10-24T15:27:00","slug":"sidi-ali-khaldi-presente-ses-excuses-aux-algeriens","status":"publish","type":"post","link":"https:\/\/linitiative.ca\/International\/sidi-ali-khaldi-presente-ses-excuses-aux-algeriens\/","title":{"rendered":"Sidi Ali Khaldi pr\u00e9sente ses excuses aux Alg\u00e9riens"},"content":{"rendered":"<p><br id=\"sep_para_1\" class=\"sep_para access\"\/><\/p>\n<div id=\"para_1\" class=\"para_39171886 resize\">\n<div class=\"texte access firstletter\">Le Ministre de la Jeunesse et des sports, Sidi Ali Khaldi, a rompu le silence suite \u00e0 sa d\u00e9claration sur le r\u00e9f\u00e9rendum constitutionnel qui avait suscit\u00e9 une vive pol\u00e9mique sur la Toile.\u00a0 Lors d\u2019un discours, le ministre avait martel\u00e9 que \u00ab ceux qui ne sont pas contents n\u2019ont qu\u2019\u00e0 quitter le pays \u00bb. Devant le toll\u00e9 suscit\u00e9 par ses propos jug\u00e9s \u00ab provocateurs \u00bb et \u00ab indignes \u00bb, dans une vid\u00e9o post\u00e9e sur son compte Facebook, Sidi Ali Khaldi a tent\u00e9 de s\u2019expliquer sur sa d\u00e9claration pol\u00e9mique en affirmant qu&rsquo;il s\u2019adressait \u00e0 ceux qui s&rsquo;opposent \u00e0 la proclamation du 1er novembre. Le Ministre a n\u00e9anmoins pr\u00e9sent\u00e9 ses excuses aux Alg\u00e9riens.<\/div>\n<\/div>\n<p>Auteur: R\u00e9flexion<br \/>\n<a href=\"https:\/\/www.reflexiondz.net\/Sidi-Ali-Khaldi-presente-ses-excuses-aux-Algeriens_a65983.html\">Cliquez ici pour lire l&rsquo;article depuis sa source.<\/a><\/p>\n","protected":false},"excerpt":{"rendered":"<p>Le Ministre de la Jeunesse et des sports, Sidi Ali Khaldi, a rompu le silence suite \u00e0 sa d\u00e9claration sur le r\u00e9f\u00e9rendum constitutionnel qui avait suscit\u00e9 une vive pol\u00e9mique sur la Toile.\u00a0 Lors d\u2019un discours, le ministre avait martel\u00e9 que \u00ab ceux qui ne sont pas contents n\u2019ont qu\u2019\u00e0 quitter le pays \u00bb. Devant le [&hellip;]<\/p>\n","protected":false},"author":1740,"featured_media":0,"comment_status":"closed","ping_status":"closed","sticky":false,"template":"","format":"standard","meta":{"fifu_image_url":"","fifu_image_alt":"","footnotes":""},"categories":[53,76],"tags":[],"class_list":["post-102683","post","type-post","status-publish","format-standard","hentry","category-algerie","category-regions"],"_links":{"self":[{"href":"https:\/\/linitiative.ca\/International\/wp-json\/wp\/v2\/posts\/102683","targetHints":{"allow":["GET"]}}],"collection":[{"href":"https:\/\/linitiative.ca\/International\/wp-json\/wp\/v2\/posts"}],"about":[{"href":"https:\/\/linitiative.ca\/International\/wp-json\/wp\/v2\/types\/post"}],"author":[{"embeddable":true,"href":"https:\/\/linitiative.ca\/International\/wp-json\/wp\/v2\/users\/1740"}],"replies":[{"embeddable":true,"href":"https:\/\/linitiative.ca\/International\/wp-json\/wp\/v2\/comments?post=102683"}],"version-history":[{"count":0,"href":"https:\/\/linitiative.ca\/International\/wp-json\/wp\/v2\/posts\/102683\/revisions"}],"wp:attachment":[{"href":"https:\/\/linitiative.ca\/International\/wp-json\/wp\/v2\/media?parent=102683"}],"wp:term":[{"taxonomy":"category","embeddable":true,"href":"https:\/\/linitiative.ca\/International\/wp-json\/wp\/v2\/categories?post=102683"},{"taxonomy":"post_tag","embeddable":true,"href":"https:\/\/linitiative.ca\/International\/wp-json\/wp\/v2\/tags?post=102683"}],"curies":[{"name":"wp","href":"https:\/\/api.w.org\/{rel}","templated":true}]}}