{"id":102684,"date":"2020-10-24T11:27:00","date_gmt":"2020-10-24T15:27:00","guid":{"rendered":"https:\/\/linitiative.ca\/International\/le-president-mis-en-quarantaine-volontaire\/"},"modified":"2020-10-24T11:27:00","modified_gmt":"2020-10-24T15:27:00","slug":"le-president-mis-en-quarantaine-volontaire","status":"publish","type":"post","link":"https:\/\/linitiative.ca\/International\/le-president-mis-en-quarantaine-volontaire\/","title":{"rendered":"Le Pr\u00e9sident mis en quarantaine volontaire"},"content":{"rendered":"<p><br id=\"sep_para_1\" class=\"sep_para access\"\/><\/p>\n<div id=\"para_1\" class=\"para_39171884 resize\">\n<div class=\"photo shadow left\"><a href=\"javascript:void(0)\" rel=\"https:\/\/www.reflexiondz.net\/photo\/art\/grande\/50871336-39171884.jpg?v=1603554609&amp;ibox\" title=\"Le Pr\u00e9sident mis en quarantaine volontaire\"><img decoding=\"async\" class=\"responsive c9\" src=\"https:\/\/www.reflexiondz.net\/photo\/art\/grande\/50871336-39171884.jpg?v=1603554609\" alt=\"Le Pr\u00e9sident mis en quarantaine volontaire\" title=\"Le Pr\u00e9sident mis en quarantaine volontaire\"\/><img decoding=\"async\" class=\"not-responsive\" src=\"https:\/\/www.reflexiondz.net\/photo\/art\/default\/50871336-39171884.jpg?v=1603554611\" alt=\"Le Pr\u00e9sident mis en quarantaine volontaire\" title=\"Le Pr\u00e9sident mis en quarantaine volontaire\"\/><\/a><\/div>\n<div class=\"texte access firstletter\">Le pr\u00e9sident de la R\u00e9publique Abdelmadjid Tebboune est mis en quarantaine\u00a0 \u00ab volontaire \u00bb \u00e0 compter de samedi 24 octobre, pour une p\u00e9riode de cinq jours, a annonc\u00e9 la Pr\u00e9sidence de la R\u00e9publique sur sa page Facebook. Cette mesure a \u00e9t\u00e9 prise suite \u00e0 plusieurs cas positifs de nombreux hauts cadres de la Pr\u00e9sidence et de la chefferie du gouvernement, indique la m\u00eame source. Il est \u00e9galement pr\u00e9cis\u00e9 que cette d\u00e9cision est prise sur les conseils du personnel m\u00e9dical de la Pr\u00e9sidence. Il est \u00e0 signaler que le Conseiller du pr\u00e9sident de la R\u00e9publique\u00a0 M. Abdelhafidh Allahoum avait assist\u00e9 derni\u00e8rement aux fun\u00e9railles de son fr\u00e8re, d\u00e9c\u00e9d\u00e9 suite \u00e0 une longue maladie. Ce n\u2019est pas la premi\u00e8re fois qu\u2019un chef d\u2019Etat se met volontairement en quarantaine.\u00a0 La chanceli\u00e8re allemande, Angela Merkel avait d\u00e9cid\u00e9 en mars dernier de \u00abse placer imm\u00e9diatement en quarantaine\u00bb \u00e0 son domicile, d\u2019o\u00f9 elle a poursuivi ses activit\u00e9s, apr\u00e8s avoir \u00e9t\u00e9 en contact avec un m\u00e9decin test\u00e9 positif au nouveau coronavirus. La chanceli\u00e8re allemande avait fait cette annonce juste apr\u00e8s avoir pr\u00e9sent\u00e9 de nouvelles restrictions visant \u00e0 endiguer l\u2019\u00e9pid\u00e9mie de Covid-19, dont l\u2019interdiction de rassemblements de plus de deux personnes. Mme Merkel avait \u00e9t\u00e9 \u00abinform\u00e9e qu\u2019un m\u00e9decin qui lui avait administr\u00e9 un vaccin contre des infections \u00e0 pneumocoque \u00e9tait positif\u00bb au nouveau coronavirus, avait expliqu\u00e9 son porte-parole Steffen Seibert. La chanceli\u00e8re, au pouvoir depuis novembre 2005 et qui a pr\u00e9vu de quitter le pouvoir fin 2021 lors des prochaines \u00e9lections l\u00e9gislatives, \u00aba poursuivi ses activit\u00e9s officielles en quarantaine \u00e0 domicile\u00bb, \u00e0 Berlin, selon M. Seibert. Il n\u2019a pas \u00e9t\u00e9 pr\u00e9cis\u00e9 si elle suivrait cette quarantaine dans son appartement priv\u00e9 \u00e0 la chancellerie ou dans son appartement personnel dans la capitale allemande, pr\u00e8s de l\u2019ile des Mus\u00e9es, Mme Merkel venait de d\u00e9cider, en visioconf\u00e9rence avec les dirigeants des 16 \u00c9tats r\u00e9gionaux allemands, de nouvelles mesures contre l\u2019\u00e9pid\u00e9mie de Covid-19, dont l\u2019interdiction des rassemblements de plus de deux personnes et la fermeture de tous les restaurants pour au moins deux semaines dans tout le pays. Mme Merkel, qui n\u2019a montr\u00e9 aucun sympt\u00f4me de maladie particulier en se pr\u00e9sentant \u00e0 la presse, avait aussi d\u00e9crit son quotidien depuis la propagation du virus.<\/div>\n<\/div>\n<p>Auteur: R\u00e9flexion<br \/>\n<a href=\"https:\/\/www.reflexiondz.net\/Le-President-mis-en-quarantaine-volontaire_a65982.html\">Cliquez ici pour lire l&rsquo;article depuis sa source.<\/a><\/p>\n","protected":false},"excerpt":{"rendered":"<p>Le pr\u00e9sident de la R\u00e9publique Abdelmadjid Tebboune est mis en quarantaine\u00a0 \u00ab volontaire \u00bb \u00e0 compter de samedi 24 octobre, pour une p\u00e9riode de cinq jours, a annonc\u00e9 la Pr\u00e9sidence de la R\u00e9publique sur sa page Facebook. Cette mesure a \u00e9t\u00e9 prise suite \u00e0 plusieurs cas positifs de nombreux hauts cadres de la Pr\u00e9sidence et [&hellip;]<\/p>\n","protected":false},"author":1740,"featured_media":0,"comment_status":"closed","ping_status":"closed","sticky":false,"template":"","format":"standard","meta":{"fifu_image_url":"","fifu_image_alt":"","footnotes":""},"categories":[53,76],"tags":[],"class_list":["post-102684","post","type-post","status-publish","format-standard","hentry","category-algerie","category-regions"],"_links":{"self":[{"href":"https:\/\/linitiative.ca\/International\/wp-json\/wp\/v2\/posts\/102684","targetHints":{"allow":["GET"]}}],"collection":[{"href":"https:\/\/linitiative.ca\/International\/wp-json\/wp\/v2\/posts"}],"about":[{"href":"https:\/\/linitiative.ca\/International\/wp-json\/wp\/v2\/types\/post"}],"author":[{"embeddable":true,"href":"https:\/\/linitiative.ca\/International\/wp-json\/wp\/v2\/users\/1740"}],"replies":[{"embeddable":true,"href":"https:\/\/linitiative.ca\/International\/wp-json\/wp\/v2\/comments?post=102684"}],"version-history":[{"count":0,"href":"https:\/\/linitiative.ca\/International\/wp-json\/wp\/v2\/posts\/102684\/revisions"}],"wp:attachment":[{"href":"https:\/\/linitiative.ca\/International\/wp-json\/wp\/v2\/media?parent=102684"}],"wp:term":[{"taxonomy":"category","embeddable":true,"href":"https:\/\/linitiative.ca\/International\/wp-json\/wp\/v2\/categories?post=102684"},{"taxonomy":"post_tag","embeddable":true,"href":"https:\/\/linitiative.ca\/International\/wp-json\/wp\/v2\/tags?post=102684"}],"curies":[{"name":"wp","href":"https:\/\/api.w.org\/{rel}","templated":true}]}}