{"id":102685,"date":"2020-10-24T11:27:00","date_gmt":"2020-10-24T15:27:00","guid":{"rendered":"https:\/\/linitiative.ca\/International\/boudiaf-auditionne-a-constantine-par-la-police\/"},"modified":"2020-10-24T11:27:00","modified_gmt":"2020-10-24T15:27:00","slug":"boudiaf-auditionne-a-constantine-par-la-police","status":"publish","type":"post","link":"https:\/\/linitiative.ca\/International\/boudiaf-auditionne-a-constantine-par-la-police\/","title":{"rendered":"Boudiaf auditionn\u00e9  \u00e0 Constantine  par la Police"},"content":{"rendered":"<p><br id=\"sep_para_1\" class=\"sep_para access\"\/><\/p>\n<div id=\"para_1\" class=\"para_39171891 resize\">\n<div class=\"texte access firstletter\">L\u2019ancien ministre de la sant\u00e9 Abdelmalek Boudiaf a \u00e9t\u00e9 auditionn\u00e9 jeudi dernier,\u00a0 par les services de la police judiciaire de la S\u00fbret\u00e9 de la Wilaya de Constantine. Boudiaf a \u00e9t\u00e9 auditionn\u00e9 en sa qualit\u00e9 d\u2019ancien wali de Constantine, sur des march\u00e9s qu\u2019il a accord\u00e9s aux entrepreneurs priv\u00e9s et \u00e9trangers. Lors de l\u2019audition, Boudiaf a \u00e9t\u00e9 \u00e9galement interrog\u00e9 sur des projets attribu\u00e9s lors de la manifestation Constantine Capitale de la Culture Arabe. Il \u00e9tait \u00e9galement question du projet du t\u00e9l\u00e9ph\u00e9rique de Constantine qui a consomm\u00e9 une importante enveloppe.<\/div>\n<\/div>\n<p>Auteur: R\u00e9flexion<br \/>\n<a href=\"https:\/\/www.reflexiondz.net\/Boudiaf-auditionne-a-Constantine-par-la-Police_a65985.html\">Cliquez ici pour lire l&rsquo;article depuis sa source.<\/a><\/p>\n","protected":false},"excerpt":{"rendered":"<p>L\u2019ancien ministre de la sant\u00e9 Abdelmalek Boudiaf a \u00e9t\u00e9 auditionn\u00e9 jeudi dernier,\u00a0 par les services de la police judiciaire de la S\u00fbret\u00e9 de la Wilaya de Constantine. Boudiaf a \u00e9t\u00e9 auditionn\u00e9 en sa qualit\u00e9 d\u2019ancien wali de Constantine, sur des march\u00e9s qu\u2019il a accord\u00e9s aux entrepreneurs priv\u00e9s et \u00e9trangers. Lors de l\u2019audition, Boudiaf a \u00e9t\u00e9 [&hellip;]<\/p>\n","protected":false},"author":1740,"featured_media":0,"comment_status":"closed","ping_status":"closed","sticky":false,"template":"","format":"standard","meta":{"fifu_image_url":"","fifu_image_alt":"","footnotes":""},"categories":[53,76],"tags":[],"class_list":["post-102685","post","type-post","status-publish","format-standard","hentry","category-algerie","category-regions"],"_links":{"self":[{"href":"https:\/\/linitiative.ca\/International\/wp-json\/wp\/v2\/posts\/102685","targetHints":{"allow":["GET"]}}],"collection":[{"href":"https:\/\/linitiative.ca\/International\/wp-json\/wp\/v2\/posts"}],"about":[{"href":"https:\/\/linitiative.ca\/International\/wp-json\/wp\/v2\/types\/post"}],"author":[{"embeddable":true,"href":"https:\/\/linitiative.ca\/International\/wp-json\/wp\/v2\/users\/1740"}],"replies":[{"embeddable":true,"href":"https:\/\/linitiative.ca\/International\/wp-json\/wp\/v2\/comments?post=102685"}],"version-history":[{"count":0,"href":"https:\/\/linitiative.ca\/International\/wp-json\/wp\/v2\/posts\/102685\/revisions"}],"wp:attachment":[{"href":"https:\/\/linitiative.ca\/International\/wp-json\/wp\/v2\/media?parent=102685"}],"wp:term":[{"taxonomy":"category","embeddable":true,"href":"https:\/\/linitiative.ca\/International\/wp-json\/wp\/v2\/categories?post=102685"},{"taxonomy":"post_tag","embeddable":true,"href":"https:\/\/linitiative.ca\/International\/wp-json\/wp\/v2\/tags?post=102685"}],"curies":[{"name":"wp","href":"https:\/\/api.w.org\/{rel}","templated":true}]}}