{"id":102686,"date":"2020-10-24T11:27:00","date_gmt":"2020-10-24T15:27:00","guid":{"rendered":"https:\/\/linitiative.ca\/International\/le-pt-reagit-a-la-condamnation-de-djelloul-djoudi\/"},"modified":"2020-10-24T11:27:00","modified_gmt":"2020-10-24T15:27:00","slug":"le-pt-reagit-a-la-condamnation-de-djelloul-djoudi","status":"publish","type":"post","link":"https:\/\/linitiative.ca\/International\/le-pt-reagit-a-la-condamnation-de-djelloul-djoudi\/","title":{"rendered":"Le PT r\u00e9agit \u00e0 la condamnation de Djelloul Djoudi"},"content":{"rendered":"<p><br id=\"sep_para_1\" class=\"sep_para access\"\/><\/p>\n<div id=\"para_1\" class=\"para_39171888 resize\">\n<div class=\"texte access firstletter\">En r\u00e9action \u00e0 la condamnation, par le tribunal d\u2019El Harrache de l\u2019ancien d\u00e9put\u00e9 du PT, Djelloul Djoudi, le PT a indiqu\u00e9 avoir pris connaissance de ce verdict \u00ab avec \u00e9tonnement \u00bb, soulignant que \u00ab ce verdict est les plus incompr\u00e9hensibles, car les avocats du parti ont d\u00e9montr\u00e9, preuves \u00e0 l\u2019appui, que Djoudi Djelloul n\u2019a fait qu\u2019exercer, dans le cadre de son mandat de d\u00e9put\u00e9 \u00e0 l\u2019APN, le contr\u00f4le parlementaire sur l\u2019action du gouvernement notamment sur les questions du conflit d\u2019int\u00e9r\u00eat et que dans ce cadre, il jouissait de l\u2019immunit\u00e9 parlementaire \u00bb. \u00ab Les d\u00e9clarations de Djelloul Djoudi faites \u00e0 l\u2019APN, datent d\u2019avril 2015, c\u2019est-\u00e0-dire il y a de cela 5 ans et demi. par ailleurs, la plainte d\u00e9pos\u00e9e par l\u2019ex-ministre portait sur une d\u00e9claration de Djelloul Djoudi au journal libert\u00e9 le 7 mai 2019 en r\u00e9ponse \u00e0 une question portant sur la r\u00e9activation par Nadia Lebidi de sa plainte contre le secr\u00e9taire g\u00e9n\u00e9ral du PT 48 heures avant l\u2019arrestation de Louisa Hanoune, le 9 mai 2019 \u00bb, d\u00e9taille le communiqu\u00e9 du secr\u00e9tariat permanent de bureau politique de parti les travailleurs.<\/div>\n<\/div>\n<p>Auteur: R\u00e9flexion<br \/>\n<a href=\"https:\/\/www.reflexiondz.net\/Le-PT-reagit-a-la-condamnation-de-Djelloul-Djoudi_a65984.html\">Cliquez ici pour lire l&rsquo;article depuis sa source.<\/a><\/p>\n","protected":false},"excerpt":{"rendered":"<p>En r\u00e9action \u00e0 la condamnation, par le tribunal d\u2019El Harrache de l\u2019ancien d\u00e9put\u00e9 du PT, Djelloul Djoudi, le PT a indiqu\u00e9 avoir pris connaissance de ce verdict \u00ab avec \u00e9tonnement \u00bb, soulignant que \u00ab ce verdict est les plus incompr\u00e9hensibles, car les avocats du parti ont d\u00e9montr\u00e9, preuves \u00e0 l\u2019appui, que Djoudi Djelloul n\u2019a fait [&hellip;]<\/p>\n","protected":false},"author":1740,"featured_media":0,"comment_status":"closed","ping_status":"closed","sticky":false,"template":"","format":"standard","meta":{"fifu_image_url":"","fifu_image_alt":"","footnotes":""},"categories":[53,76],"tags":[],"class_list":["post-102686","post","type-post","status-publish","format-standard","hentry","category-algerie","category-regions"],"_links":{"self":[{"href":"https:\/\/linitiative.ca\/International\/wp-json\/wp\/v2\/posts\/102686","targetHints":{"allow":["GET"]}}],"collection":[{"href":"https:\/\/linitiative.ca\/International\/wp-json\/wp\/v2\/posts"}],"about":[{"href":"https:\/\/linitiative.ca\/International\/wp-json\/wp\/v2\/types\/post"}],"author":[{"embeddable":true,"href":"https:\/\/linitiative.ca\/International\/wp-json\/wp\/v2\/users\/1740"}],"replies":[{"embeddable":true,"href":"https:\/\/linitiative.ca\/International\/wp-json\/wp\/v2\/comments?post=102686"}],"version-history":[{"count":0,"href":"https:\/\/linitiative.ca\/International\/wp-json\/wp\/v2\/posts\/102686\/revisions"}],"wp:attachment":[{"href":"https:\/\/linitiative.ca\/International\/wp-json\/wp\/v2\/media?parent=102686"}],"wp:term":[{"taxonomy":"category","embeddable":true,"href":"https:\/\/linitiative.ca\/International\/wp-json\/wp\/v2\/categories?post=102686"},{"taxonomy":"post_tag","embeddable":true,"href":"https:\/\/linitiative.ca\/International\/wp-json\/wp\/v2\/tags?post=102686"}],"curies":[{"name":"wp","href":"https:\/\/api.w.org\/{rel}","templated":true}]}}