{"id":102687,"date":"2020-10-24T11:29:00","date_gmt":"2020-10-24T15:29:00","guid":{"rendered":"https:\/\/linitiative.ca\/International\/tiaret-les-souscripteurs-de-laadl-denoncent\/"},"modified":"2020-10-24T11:29:00","modified_gmt":"2020-10-24T15:29:00","slug":"tiaret-les-souscripteurs-de-laadl-denoncent","status":"publish","type":"post","link":"https:\/\/linitiative.ca\/International\/tiaret-les-souscripteurs-de-laadl-denoncent\/","title":{"rendered":"TIARET : Les souscripteurs  de l&rsquo;AADL d\u00e9noncent"},"content":{"rendered":"<p><br id=\"sep_para_1\" class=\"sep_para access\"\/><\/p>\n<div id=\"para_1\" class=\"para_39171908 resize\">\n<div class=\"photo shadow left\"><a href=\"javascript:void(0)\" rel=\"https:\/\/www.reflexiondz.net\/photo\/art\/grande\/50871395-39171908.jpg?v=1603554688&amp;ibox\" title=\"TIARET : Les souscripteurs de l'AADL d\u00e9noncent\"><img decoding=\"async\" class=\"responsive c9\" src=\"https:\/\/www.reflexiondz.net\/photo\/art\/grande\/50871395-39171908.jpg?v=1603554688\" alt=\"TIARET : Les souscripteurs de l'AADL d\u00e9noncent\" title=\"TIARET : Les souscripteurs de l'AADL d\u00e9noncent\"\/><img decoding=\"async\" class=\"not-responsive\" src=\"https:\/\/www.reflexiondz.net\/photo\/art\/default\/50871395-39171908.jpg?v=1603554691\" alt=\"TIARET : Les souscripteurs de l'AADL d\u00e9noncent\" title=\"TIARET : Les souscripteurs de l'AADL d\u00e9noncent\"\/><\/a><\/div>\n<div class=\"texte access firstletter\">La direction r\u00e9gionale de l&rsquo;AADL et la direction du logement, ont fait l\u2019objet de d\u00e9nonciations de la part des souscripteurs, qui viennent de r\u00e9v\u00e9ler, par le biais de correspondances adress\u00e9es au ministre du logement, faisant part du silence \u00e9nigmatique de ces 2 directions \u00e0 l&rsquo;adresse de l&rsquo;octroi d&rsquo;assiettes fonci\u00e8res aux promoteurs immobiliers, cependant les textes portant instruction du ministre de l&rsquo;habitat, stipulant la priorit\u00e9 aux programmes de l&rsquo;Etat, \u00e0 savoir : l&rsquo;AADL et LPA. En ce sens, 8 assiettes fonci\u00e8res sont vis\u00e9es par des enqu\u00eates, en notant que la moiti\u00e9 de ce lot a \u00e9t\u00e9 c\u00e9d\u00e9e \u00e0 un seul promoteur immobilier, apprend-on aupr\u00e8s de sources s\u00e9curitaires. Ce dossier explosif est entre les mains des services de s\u00e9curit\u00e9 .\u00a0<\/div>\n<\/div>\n<p>Auteur: Abdelkader Benrebiha<br \/>\n<a href=\"https:\/\/www.reflexiondz.net\/TIARET-Les-souscripteurs-de-l-AADL-denoncent_a65986.html\">Cliquez ici pour lire l&rsquo;article depuis sa source.<\/a><\/p>\n","protected":false},"excerpt":{"rendered":"<p>La direction r\u00e9gionale de l&rsquo;AADL et la direction du logement, ont fait l\u2019objet de d\u00e9nonciations de la part des souscripteurs, qui viennent de r\u00e9v\u00e9ler, par le biais de correspondances adress\u00e9es au ministre du logement, faisant part du silence \u00e9nigmatique de ces 2 directions \u00e0 l&rsquo;adresse de l&rsquo;octroi d&rsquo;assiettes fonci\u00e8res aux promoteurs immobiliers, cependant les textes [&hellip;]<\/p>\n","protected":false},"author":1740,"featured_media":0,"comment_status":"closed","ping_status":"closed","sticky":false,"template":"","format":"standard","meta":{"fifu_image_url":"","fifu_image_alt":"","footnotes":""},"categories":[53,76],"tags":[],"class_list":["post-102687","post","type-post","status-publish","format-standard","hentry","category-algerie","category-regions"],"_links":{"self":[{"href":"https:\/\/linitiative.ca\/International\/wp-json\/wp\/v2\/posts\/102687","targetHints":{"allow":["GET"]}}],"collection":[{"href":"https:\/\/linitiative.ca\/International\/wp-json\/wp\/v2\/posts"}],"about":[{"href":"https:\/\/linitiative.ca\/International\/wp-json\/wp\/v2\/types\/post"}],"author":[{"embeddable":true,"href":"https:\/\/linitiative.ca\/International\/wp-json\/wp\/v2\/users\/1740"}],"replies":[{"embeddable":true,"href":"https:\/\/linitiative.ca\/International\/wp-json\/wp\/v2\/comments?post=102687"}],"version-history":[{"count":0,"href":"https:\/\/linitiative.ca\/International\/wp-json\/wp\/v2\/posts\/102687\/revisions"}],"wp:attachment":[{"href":"https:\/\/linitiative.ca\/International\/wp-json\/wp\/v2\/media?parent=102687"}],"wp:term":[{"taxonomy":"category","embeddable":true,"href":"https:\/\/linitiative.ca\/International\/wp-json\/wp\/v2\/categories?post=102687"},{"taxonomy":"post_tag","embeddable":true,"href":"https:\/\/linitiative.ca\/International\/wp-json\/wp\/v2\/tags?post=102687"}],"curies":[{"name":"wp","href":"https:\/\/api.w.org\/{rel}","templated":true}]}}