{"id":102691,"date":"2020-10-24T06:00:00","date_gmt":"2020-10-24T10:00:00","guid":{"rendered":"https:\/\/linitiative.ca\/International\/ouverture-de-la-saison-culturelle-a-la-bibliotheque-principale-de-lecture-publique\/"},"modified":"2020-10-24T06:00:00","modified_gmt":"2020-10-24T10:00:00","slug":"ouverture-de-la-saison-culturelle-a-la-bibliotheque-principale-de-lecture-publique","status":"publish","type":"post","link":"https:\/\/linitiative.ca\/International\/ouverture-de-la-saison-culturelle-a-la-bibliotheque-principale-de-lecture-publique\/","title":{"rendered":"Ouverture de la saison culturelle \u00e0 la Biblioth\u00e8que principale de lecture publique"},"content":{"rendered":"<p>La Biblioth\u00e8que principale de lecture publique Dr Yahia-Bouaziz de Tissemsilt accueille, \u00e0 partir de dimanche, les activit\u00e9s intellectuelles, artistiques et culturelles, \u00e0 l&rsquo;occasion de l&rsquo;ouverture de la saison culturelle 2020-2021 dans cet \u00e9tablissement.<br \/>La premi\u00e8re journ\u00e9e de ces activit\u00e9s, qui co\u00efncide avec la c\u00e9l\u00e9bration de la journ\u00e9e nationale de l&rsquo;\u00e9migration, a \u00e9t\u00e9 marqu\u00e9e par des expositions de photos et de livres mettant en exergue les pratiques r\u00e9pressives brutales de la police fran\u00e7aise contre des Alg\u00e9riens d\u00e9sarm\u00e9s le 17 octobre 1961 \u00e0 Paris (France). Des livres litt\u00e9raires et artistiques et des toiles d&rsquo;artistes de la wilaya dont Dani Reda, Abdellaoui Nesrine et Khilbaz Mohamed, sont \u00e9galement expos\u00e9es, ainsi qu&rsquo;un nombre de dessins d&rsquo;enfants adh\u00e9rents de la Biblioth\u00e8que.\u00a0<br \/>Le programme de cette manifestation de dix jours pr\u00e9voit \u00e9galement des r\u00e9citals po\u00e9tiques sous le slogan\u00a0 : \u00abUne heure avec la po\u00e9sie\u00bb, anim\u00e9s par des po\u00e8tes du genre classique dont Abdelkader Mekaria, une communication sur le roman Un joli printemps du jeune \u00e9crivain Hamza Dani et des conf\u00e9rences anim\u00e9es par des hommes de lettres et universitaires de Tissemsilt. Deux concours du meilleur dessin et du jeune po\u00e8te seront lanc\u00e9s lors de cette manifestation en vue de relancer les activit\u00e9s culturelles \u00e0 la Biblioth\u00e8que principale de lecture publique Dr Yahia-Bouaziz de Tissemsilt apr\u00e8s sept mois d&rsquo;inactivit\u00e9 \u00e0 cause des mesures de pr\u00e9vention contre la pand\u00e9mie de coronavirus.\u00a0<\/p>\n<p>Auteur:<br \/>\n<a href=\"https:\/\/www.lesoirdalgerie.com\/culture\/ouverture-de-la-saison-culturelle-a-la-bibliotheque-principale-de-lecture-publique-50178\">Cliquez ici pour lire l&rsquo;article depuis sa source.<\/a><\/p>\n","protected":false},"excerpt":{"rendered":"<p>La Biblioth\u00e8que principale de lecture publique Dr Yahia-Bouaziz de Tissemsilt accueille, \u00e0 partir de dimanche, les activit\u00e9s intellectuelles, artistiques et culturelles, \u00e0 l&rsquo;occasion de l&rsquo;ouverture de la saison culturelle 2020-2021 dans cet \u00e9tablissement.La premi\u00e8re journ\u00e9e de ces activit\u00e9s, qui co\u00efncide avec la c\u00e9l\u00e9bration de la journ\u00e9e nationale de l&rsquo;\u00e9migration, a \u00e9t\u00e9 marqu\u00e9e par des expositions [&hellip;]<\/p>\n","protected":false},"author":1741,"featured_media":0,"comment_status":"closed","ping_status":"closed","sticky":false,"template":"","format":"standard","meta":{"fifu_image_url":"","fifu_image_alt":"","footnotes":""},"categories":[73,53],"tags":[],"class_list":["post-102691","post","type-post","status-publish","format-standard","hentry","category-actualite","category-algerie"],"_links":{"self":[{"href":"https:\/\/linitiative.ca\/International\/wp-json\/wp\/v2\/posts\/102691","targetHints":{"allow":["GET"]}}],"collection":[{"href":"https:\/\/linitiative.ca\/International\/wp-json\/wp\/v2\/posts"}],"about":[{"href":"https:\/\/linitiative.ca\/International\/wp-json\/wp\/v2\/types\/post"}],"author":[{"embeddable":true,"href":"https:\/\/linitiative.ca\/International\/wp-json\/wp\/v2\/users\/1741"}],"replies":[{"embeddable":true,"href":"https:\/\/linitiative.ca\/International\/wp-json\/wp\/v2\/comments?post=102691"}],"version-history":[{"count":0,"href":"https:\/\/linitiative.ca\/International\/wp-json\/wp\/v2\/posts\/102691\/revisions"}],"wp:attachment":[{"href":"https:\/\/linitiative.ca\/International\/wp-json\/wp\/v2\/media?parent=102691"}],"wp:term":[{"taxonomy":"category","embeddable":true,"href":"https:\/\/linitiative.ca\/International\/wp-json\/wp\/v2\/categories?post=102691"},{"taxonomy":"post_tag","embeddable":true,"href":"https:\/\/linitiative.ca\/International\/wp-json\/wp\/v2\/tags?post=102691"}],"curies":[{"name":"wp","href":"https:\/\/api.w.org\/{rel}","templated":true}]}}