{"id":102692,"date":"2020-10-24T06:00:00","date_gmt":"2020-10-24T10:00:00","guid":{"rendered":"https:\/\/linitiative.ca\/International\/la-contribution-de-la-litterature-algerienne-en-langue-francaise-a-faire-connaitre-la-revolution-de-liberation\/"},"modified":"2020-10-24T06:00:00","modified_gmt":"2020-10-24T10:00:00","slug":"la-contribution-de-la-litterature-algerienne-en-langue-francaise-a-faire-connaitre-la-revolution-de-liberation","status":"publish","type":"post","link":"https:\/\/linitiative.ca\/International\/la-contribution-de-la-litterature-algerienne-en-langue-francaise-a-faire-connaitre-la-revolution-de-liberation\/","title":{"rendered":"La contribution de la litt\u00e9rature alg\u00e9rienne en langue fran\u00e7aise \u00e0 faire conna\u00eetre la r\u00e9volution de lib\u00e9ration"},"content":{"rendered":"<p>\u00a0Les participants au s\u00e9minaire litt\u00e9raire national intitul\u00e9 : \u00abLes \u00e9crivains de l&rsquo;\u00e9migration\u00bb, derni\u00e8rement \u00e0 Oum El Bouaghi, ont soulign\u00e9 \u00able r\u00f4le et la contribution de la litt\u00e9rature alg\u00e9rienne en langue fran\u00e7aise \u00e0 faire conna\u00eetre la R\u00e9volution de lib\u00e9ration.\u00bb Dans son intervention au cours de la rencontre de deux jours, tenue \u00e0 la maison de la culture Nouar-Boubaker, Youcef Nadjaoum, enseignant \u00e0 l&rsquo;Universit\u00e9 d&rsquo;Oum El Bouaghi, a mis l&rsquo;accent sur les raisons de l&rsquo;existence de ce genre de litt\u00e9rature alg\u00e9rienne en langue fran\u00e7aise et sa contribution \u00abefficiente\u00bb \u00e0 faire conna\u00eetre la cause alg\u00e9rienne et les massacres v\u00e9cus par le peuple alg\u00e9rien pendant la r\u00e9volution lib\u00e9ratrice.<br \/>Dans ce contexte, le conf\u00e9rencier a soulign\u00e9 que \u00able colonialisme fran\u00e7ais a \u0153uvr\u00e9 \u00e0 effacer la culture et l&rsquo;identit\u00e9 alg\u00e9riennes en mati\u00e8re de coutumes, d&rsquo;histoire et de langue, en plus \u00e0 imposer l&rsquo;enseignement de la langue fran\u00e7aise aux Alg\u00e9riens au sein m\u00eame de notre pays\u00bb.<br \/>L&rsquo;universitaire a ajout\u00e9, par ailleurs, que les \u00e9crivains alg\u00e9riens en langue fran\u00e7aise, parmi lesquels Mohammed Dib, Mouloud Feraoun, Assia Djebar, Kateb Yacine et Mouloud Mammeri, avaient pris la responsabilit\u00e9 d&rsquo;exprimer, de diverses mani\u00e8res, les tourments du peuple alg\u00e9rien face \u00e0 l&rsquo;oppression des colons, et ce, malgr\u00e9 les entraves rencontr\u00e9es pour \u00e9diter leurs ouvrages.<br \/>M. Nedjaoum a relev\u00e9, en outre, que les \u00e9crivains alg\u00e9riens qui \u00e9crivaient en langue fran\u00e7aise ont recouru \u00e0 cette langue pour d\u00e9crire la r\u00e9volution de lib\u00e9ration \u00e0 ceux qui la ma\u00eetrisent parmi les enfants de l&rsquo;Alg\u00e9rie et autres, en plus d&rsquo;user de cette langue dans la litt\u00e9rature pour \u00abcibler le colonisateur et faire conna\u00eetre la cause alg\u00e9rienne aux Fran\u00e7ais eux-m\u00eames\u00bb.<br \/>De son c\u00f4t\u00e9, Sma\u00efl Harat, enseignant \u00e9galement \u00e0 l&rsquo;Universit\u00e9 d\u2019Oum El Bouaghi, a donn\u00e9 une conf\u00e9rence intitul\u00e9e : \u00abLes dualit\u00e9s antagonistes dans la litt\u00e9rature de l&rsquo;immigration\u00bb, dans laquelle il a analys\u00e9 les \u00e9crits des \u00e9crivains de l&rsquo;\u00e9tranger et ce qu&rsquo;ils renferment comme dualit\u00e9s telles que l&rsquo;ego et l&rsquo;alter ego, la culture et la contreculture, ainsi que le sacr\u00e9 et le profane notamment.<br \/>La cl\u00f4ture du s\u00e9minaire a \u00e9t\u00e9 marqu\u00e9e par une lecture de po\u00e8mes de plusieurs po\u00e8tes, \u00e0 l&rsquo;instar de Rym Bousba\u00e2 de Constantine, Bachir Leghrib d&rsquo;El Oued et Keltoum Kharkhachi de Biskra.<br \/>Cette rencontre litt\u00e9raire nationale, co\u00efncidant avec la c\u00e9l\u00e9bration du 59e anniversaire de la Journ\u00e9e nationale de l&rsquo;\u00e9migration (17 octobre 1961), initi\u00e9e par la Maison de la culture d&rsquo;Oum El Bouaghi, en coordination avec la Maison alg\u00e9rienne de la po\u00e9sie (bureau d&rsquo;Oum El Bouaghi), a regroup\u00e9 des universitaires, des po\u00e8tes et des \u00e9crivains venus de sept wilayas du pays.<\/p>\n<p>Auteur:<br \/>\n<a href=\"https:\/\/www.lesoirdalgerie.com\/culture\/la-contribution-de-la-litterature-algerienne-en-langue-francaise-a-faire-connaitre-la-revolution-de-liberation-50177\">Cliquez ici pour lire l&rsquo;article depuis sa source.<\/a><\/p>\n","protected":false},"excerpt":{"rendered":"<p>\u00a0Les participants au s\u00e9minaire litt\u00e9raire national intitul\u00e9 : \u00abLes \u00e9crivains de l&rsquo;\u00e9migration\u00bb, derni\u00e8rement \u00e0 Oum El Bouaghi, ont soulign\u00e9 \u00able r\u00f4le et la contribution de la litt\u00e9rature alg\u00e9rienne en langue fran\u00e7aise \u00e0 faire conna\u00eetre la R\u00e9volution de lib\u00e9ration.\u00bb Dans son intervention au cours de la rencontre de deux jours, tenue \u00e0 la maison de la [&hellip;]<\/p>\n","protected":false},"author":1741,"featured_media":0,"comment_status":"closed","ping_status":"closed","sticky":false,"template":"","format":"standard","meta":{"fifu_image_url":"","fifu_image_alt":"","footnotes":""},"categories":[73,53],"tags":[],"class_list":["post-102692","post","type-post","status-publish","format-standard","hentry","category-actualite","category-algerie"],"_links":{"self":[{"href":"https:\/\/linitiative.ca\/International\/wp-json\/wp\/v2\/posts\/102692","targetHints":{"allow":["GET"]}}],"collection":[{"href":"https:\/\/linitiative.ca\/International\/wp-json\/wp\/v2\/posts"}],"about":[{"href":"https:\/\/linitiative.ca\/International\/wp-json\/wp\/v2\/types\/post"}],"author":[{"embeddable":true,"href":"https:\/\/linitiative.ca\/International\/wp-json\/wp\/v2\/users\/1741"}],"replies":[{"embeddable":true,"href":"https:\/\/linitiative.ca\/International\/wp-json\/wp\/v2\/comments?post=102692"}],"version-history":[{"count":0,"href":"https:\/\/linitiative.ca\/International\/wp-json\/wp\/v2\/posts\/102692\/revisions"}],"wp:attachment":[{"href":"https:\/\/linitiative.ca\/International\/wp-json\/wp\/v2\/media?parent=102692"}],"wp:term":[{"taxonomy":"category","embeddable":true,"href":"https:\/\/linitiative.ca\/International\/wp-json\/wp\/v2\/categories?post=102692"},{"taxonomy":"post_tag","embeddable":true,"href":"https:\/\/linitiative.ca\/International\/wp-json\/wp\/v2\/tags?post=102692"}],"curies":[{"name":"wp","href":"https:\/\/api.w.org\/{rel}","templated":true}]}}