{"id":102697,"date":"2020-10-24T13:43:47","date_gmt":"2020-10-24T17:43:47","guid":{"rendered":"https:\/\/linitiative.ca\/International\/casablanca-settat-les-entreprises-encouragees-a-privilegier-le-teletravail\/"},"modified":"2020-10-24T13:43:47","modified_gmt":"2020-10-24T17:43:47","slug":"casablanca-settat-les-entreprises-encouragees-a-privilegier-le-teletravail","status":"publish","type":"post","link":"https:\/\/linitiative.ca\/International\/casablanca-settat-les-entreprises-encouragees-a-privilegier-le-teletravail\/","title":{"rendered":"Casablanca-Settat : les entreprises encourag\u00e9es \u00e0 privil\u00e9gier le t\u00e9l\u00e9travail"},"content":{"rendered":"<p><strong>Apr\u00e8s avoir appel\u00e9 l\u2019administration \u00e0 se mettre en t\u00e9l\u00e9travail pour toutes les prestations qui ne requi\u00e8rent pas une pr\u00e9sence sur le lieu de travail, le Wali de la r\u00e9gion Casablanca-Settat s\u2019adresse d\u00e9sormais aux entreprises priv\u00e9es pour suivre le pas.<\/strong><\/p>\n<div class=\"c10\"\/>\n<p>Said Ahmidouch, Wali de la r\u00e9gion Casablanca-Settat, incite d\u00e9sormais les entreprises \u00e0 privil\u00e9gier le t\u00e9l\u00e9travail. Cet appel, qui fait suite \u00e0 celui concernant les fonctionnaires, est le r\u00e9sultat de l\u2019explosion des cas de contamination au Covid-19 dans la capitale \u00e9conomique du Royaume. Le communiqu\u00e9 de la Wilaya de la r\u00e9gion avance que \u00ab\u00a0Le Wali de la r\u00e9gion de Casablanca-Settat, gouverneur de la pr\u00e9fecture de Casablanca, incite les entreprises et les soci\u00e9t\u00e9s du secteur priv\u00e9 au niveau de la r\u00e9gion \u00e0 encourager leurs employ\u00e9s \u00e0 travailler en ligne et \u00e0 mettre \u00e0 leur disposition les moyens n\u00e9cessaires \u00e0 cela\u00a0\u00bb.<\/p>\n<p><strong>Lire aussi | <a href=\"https:\/\/www.challenge.ma\/mobilite-internationale-des-etudiants-marocains-la-destination-france-162505\/\" target=\"_blank\" rel=\"noreferrer noopener\">Mobilit\u00e9 internationale des \u00e9tudiants marocains\u00a0(1\/5) : la destination France reste la plus pris\u00e9e<\/a><\/strong><\/p>\n<p>Il faut noter que ces appels interviennent apr\u00e8s la mise en place de <a href=\"https:\/\/www.challenge.ma\/grand-casablanca-de-nouvelles-mesures-de-restriction-entrent-en-vigueur-des-ce-dimanche-25-octobre-162582\/\">mesures suppl\u00e9mentaires restrictives<\/a> dans plusieurs provinces et villes de la r\u00e9gion. Cette d\u00e9cision a \u00e9t\u00e9 prise, selon le communiqu\u00e9, \u00ab\u00a0suite \u00e0 la coordination et \u00e0 la concertation avec la CGEM et dans le cadre du renforcement des dispositions pr\u00e9ventives destin\u00e9es \u00e0 prot\u00e9ger la sant\u00e9 des citoyens durant cette p\u00e9riode marqu\u00e9e par l\u2019augmentation du nombre des contaminations\u00a0\u00bb.<\/p>\n<p>Avec MAP<\/p>\n<p>Auteur: challenge<br \/>\n<a href=\"https:\/\/www.challenge.ma\/casablanca-settat-les-entreprises-encouragees-a-privilegier-le-teletravail-162661\/\">Cliquez ici pour lire l&rsquo;article depuis sa source.<\/a><\/p>\n","protected":false},"excerpt":{"rendered":"<p>Apr\u00e8s avoir appel\u00e9 l\u2019administration \u00e0 se mettre en t\u00e9l\u00e9travail pour toutes les prestations qui ne requi\u00e8rent pas une pr\u00e9sence sur le lieu de travail, le Wali de la r\u00e9gion Casablanca-Settat s\u2019adresse d\u00e9sormais aux entreprises priv\u00e9es pour suivre le pas. Said Ahmidouch, Wali de la r\u00e9gion Casablanca-Settat, incite d\u00e9sormais les entreprises \u00e0 privil\u00e9gier le t\u00e9l\u00e9travail. Cet [&hellip;]<\/p>\n","protected":false},"author":1787,"featured_media":0,"comment_status":"closed","ping_status":"closed","sticky":false,"template":"","format":"standard","meta":{"fifu_image_url":"","fifu_image_alt":"","footnotes":""},"categories":[78,54],"tags":[],"class_list":["post-102697","post","type-post","status-publish","format-standard","hentry","category-economie","category-maroc"],"_links":{"self":[{"href":"https:\/\/linitiative.ca\/International\/wp-json\/wp\/v2\/posts\/102697","targetHints":{"allow":["GET"]}}],"collection":[{"href":"https:\/\/linitiative.ca\/International\/wp-json\/wp\/v2\/posts"}],"about":[{"href":"https:\/\/linitiative.ca\/International\/wp-json\/wp\/v2\/types\/post"}],"author":[{"embeddable":true,"href":"https:\/\/linitiative.ca\/International\/wp-json\/wp\/v2\/users\/1787"}],"replies":[{"embeddable":true,"href":"https:\/\/linitiative.ca\/International\/wp-json\/wp\/v2\/comments?post=102697"}],"version-history":[{"count":0,"href":"https:\/\/linitiative.ca\/International\/wp-json\/wp\/v2\/posts\/102697\/revisions"}],"wp:attachment":[{"href":"https:\/\/linitiative.ca\/International\/wp-json\/wp\/v2\/media?parent=102697"}],"wp:term":[{"taxonomy":"category","embeddable":true,"href":"https:\/\/linitiative.ca\/International\/wp-json\/wp\/v2\/categories?post=102697"},{"taxonomy":"post_tag","embeddable":true,"href":"https:\/\/linitiative.ca\/International\/wp-json\/wp\/v2\/tags?post=102697"}],"curies":[{"name":"wp","href":"https:\/\/api.w.org\/{rel}","templated":true}]}}