{"id":102704,"date":"2020-10-24T10:36:53","date_gmt":"2020-10-24T14:36:53","guid":{"rendered":"https:\/\/linitiative.ca\/International\/cameroun-assurant-1-4-de-la-production-nationale-le-mbam-et-kim-veut-ameliorer-la-qualite-de-son-cacao\/"},"modified":"2020-10-24T10:36:53","modified_gmt":"2020-10-24T14:36:53","slug":"cameroun-assurant-1-4-de-la-production-nationale-le-mbam-et-kim-veut-ameliorer-la-qualite-de-son-cacao","status":"publish","type":"post","link":"https:\/\/linitiative.ca\/International\/cameroun-assurant-1-4-de-la-production-nationale-le-mbam-et-kim-veut-ameliorer-la-qualite-de-son-cacao\/","title":{"rendered":"Cameroun: assurant 1\/4 de la production nationale, le Mbam-et-Kim veut am\u00e9liorer la qualit\u00e9 de son cacao"},"content":{"rendered":"<div readability=\"32\">\n<p>Publi\u00e9 le 24.10.2020 \u00e0 15h36 par JournalduCameroun.com<\/p>\n<\/div>\n<div readability=\"54\">\n<h2>Les cacaoculteurs du d\u00e9partement disposent d\u00e9sormais d\u2019un centre de traitement post-r\u00e9colte<\/h2>\n<p><span class=\"c6\">La Soci\u00e9t\u00e9 coop\u00e9rative des planteurs et entrepreneurs de cacao (<\/span><strong>Socopec<\/strong><span class=\"c6\">) a install\u00e9, avec l\u2019appui du gouvernement, un<\/span> <strong>centre d\u2019excellence de traitement post-r\u00e9colte de cacao<\/strong> <span class=\"c6\">\u00e0<\/span> <strong>Ntui<\/strong><span class=\"c6\">, chef-lieu du d\u00e9partement du Mbam-et-Kim, dans la r\u00e9gion du Centre.<\/span><\/p>\n<p><span class=\"c6\">Le centre a \u00e9t\u00e9 inaugur\u00e9 le 22 octobre dernier par le ministre camerounais du Commerce (Mincommerce),<\/span> <strong>Luc Magloire Mbarga Atangana<\/strong><span class=\"c6\">.<\/span><\/p>\n<p><span class=\"c6\">La Socopec s\u2019est r\u00e9jouie de la venue de ce site \u2013 sixi\u00e8me du genre au Cameroun -, remerciant dans la foul\u00e9e le gouvernement pour la stabilisation du prix d\u2019achat du kilogramme de cacao \u00e0 1 640 F CFA.<\/span><\/p>\n<p><span class=\"c6\">Selon les donn\u00e9es du Mincommerce, Le d\u00e9partement du Mbam-et-Kim est le premier bassin de production du cacao au Cameroun, avec un volume annuel de 60 000 tonnes, repr\u00e9sentant un quart de la production nationale.<\/span><\/p>\n<\/div>\n<p>Auteur: JournalduCameroun.com<br \/>\n<a href=\"https:\/\/www.journalducameroun.com\/assurant-%C2%BC-prod-nat-mbam-et-kim-amelior-qualite-cacao\/\">Cliquez ici pour lire l&rsquo;article depuis sa source.<\/a><\/p>\n","protected":false},"excerpt":{"rendered":"<p>Publi\u00e9 le 24.10.2020 \u00e0 15h36 par JournalduCameroun.com Les cacaoculteurs du d\u00e9partement disposent d\u00e9sormais d\u2019un centre de traitement post-r\u00e9colte La Soci\u00e9t\u00e9 coop\u00e9rative des planteurs et entrepreneurs de cacao (Socopec) a install\u00e9, avec l\u2019appui du gouvernement, un centre d\u2019excellence de traitement post-r\u00e9colte de cacao \u00e0 Ntui, chef-lieu du d\u00e9partement du Mbam-et-Kim, dans la r\u00e9gion du Centre. Le [&hellip;]<\/p>\n","protected":false},"author":1965,"featured_media":0,"comment_status":"closed","ping_status":"closed","sticky":false,"template":"","format":"standard","meta":{"fifu_image_url":"","fifu_image_alt":"","footnotes":""},"categories":[73,82],"tags":[],"class_list":["post-102704","post","type-post","status-publish","format-standard","hentry","category-actualite","category-cameroun"],"_links":{"self":[{"href":"https:\/\/linitiative.ca\/International\/wp-json\/wp\/v2\/posts\/102704","targetHints":{"allow":["GET"]}}],"collection":[{"href":"https:\/\/linitiative.ca\/International\/wp-json\/wp\/v2\/posts"}],"about":[{"href":"https:\/\/linitiative.ca\/International\/wp-json\/wp\/v2\/types\/post"}],"author":[{"embeddable":true,"href":"https:\/\/linitiative.ca\/International\/wp-json\/wp\/v2\/users\/1965"}],"replies":[{"embeddable":true,"href":"https:\/\/linitiative.ca\/International\/wp-json\/wp\/v2\/comments?post=102704"}],"version-history":[{"count":0,"href":"https:\/\/linitiative.ca\/International\/wp-json\/wp\/v2\/posts\/102704\/revisions"}],"wp:attachment":[{"href":"https:\/\/linitiative.ca\/International\/wp-json\/wp\/v2\/media?parent=102704"}],"wp:term":[{"taxonomy":"category","embeddable":true,"href":"https:\/\/linitiative.ca\/International\/wp-json\/wp\/v2\/categories?post=102704"},{"taxonomy":"post_tag","embeddable":true,"href":"https:\/\/linitiative.ca\/International\/wp-json\/wp\/v2\/tags?post=102704"}],"curies":[{"name":"wp","href":"https:\/\/api.w.org\/{rel}","templated":true}]}}